{"id":1463,"date":"2020-05-18T19:50:53","date_gmt":"2020-05-18T17:50:53","guid":{"rendered":"http:\/\/spwyzne.lapszenizne.pl\/?p=1463"},"modified":"2020-05-18T19:50:53","modified_gmt":"2020-05-18T17:50:53","slug":"konkurs-plastyczny-portret-wiosny-z-wierszem","status":"publish","type":"post","link":"https:\/\/spwyzne.lapszenizne.pl\/?p=1463","title":{"rendered":"Konkurs plastyczny  \u201ePortret Wiosny z wierszem\u201d"},"content":{"rendered":"<p><img loading=\"lazy\" decoding=\"async\" class=\"wp-image-1465 alignleft\" src=\"https:\/\/spwyzne.lapszenizne.pl\/wp-content\/uploads\/2020\/05\/wiosna-300x203.png\" alt=\"\" width=\"170\" height=\"115\" srcset=\"https:\/\/spwyzne.lapszenizne.pl\/wp-content\/uploads\/2020\/05\/wiosna-300x203.png 300w, https:\/\/spwyzne.lapszenizne.pl\/wp-content\/uploads\/2020\/05\/wiosna-296x200.png 296w, https:\/\/spwyzne.lapszenizne.pl\/wp-content\/uploads\/2020\/05\/wiosna.png 605w\" sizes=\"auto, (max-width: 170px) 100vw, 170px\" \/>Wiosna rozgo\u015bci\u0142a si\u0119 na dobre, cho\u0107 dokuczaj\u0105 nam jeszcze tradycyjnie \u201ezimni ogrodnicy\u201d i \u201ezimna Zo\u015bka\u201d. Mimo porannych przymrozk\u00f3w przyroda wok\u00f3\u0142 kwitnie, na polach i w lasach rozbrzmiewaj\u0105 ptasie trele. Kolory, zapachy i d\u017awi\u0119ki natury potrafi\u0105 wprowadzi\u0107 w poetycko-malarski nastr\u00f3j.\u00a0 Mo\u017ce warto to uzewn\u0119trzni\u0107?<!--more--><\/p>\n<p>Zach\u0119cam Was do udzia\u0142u w konkursie plastycznym \u201ePortret Wiosny z\u00a0wierszem\u201d. Zabawcie si\u0119 w ilustrator\u00f3w i zaprojektujcie jedn\u0105 stron\u0119 z\u00a0ksi\u0105\u017cki z wiosenn\u0105 poezj\u0105. Na kartce formatu A4 nale\u017cy starannie przepisa\u0107 wybrany wiersz o tematyce wiosennej z tytu\u0142em i autorem utworu. Pobuszujcie w Internecie \u2013 na pewno znajdziecie pi\u0119kne wiersze.<\/p>\n<p>Nast\u0119pnie wykonajcie dowoln\u0105 technik\u0105 ilustracj\u0119 do wiersza.<\/p>\n<p>Zdj\u0119cie pracy nale\u017cy przes\u0142a\u0107 do 26 maja na m\u00f3j mail: nowakmi@o2.pl.<\/p>\n<p style=\"text-align: right;\">\u00a0Mi\u0142os\u0142awa Nowak<\/p>\n","protected":false},"excerpt":{"rendered":"<p>Wiosna rozgo\u015bci\u0142a si\u0119 na dobre, cho\u0107 dokuczaj\u0105 nam jeszcze tradycyjnie \u201ezimni ogrodnicy\u201d i \u201ezimna Zo\u015bka\u201d. Mimo porannych przymrozk\u00f3w przyroda wok\u00f3\u0142 kwitnie, na polach i w lasach rozbrzmiewaj\u0105 ptasie trele. Kolory, zapachy i d\u017awi\u0119ki natury potrafi\u0105 wprowadzi\u0107 w poetycko-malarski nastr\u00f3j.\u00a0 Mo\u017ce warto to uzewn\u0119trzni\u0107?<\/p>\n","protected":false},"author":2,"featured_media":0,"comment_status":"closed","ping_status":"open","sticky":false,"template":"","format":"image","meta":{"footnotes":""},"categories":[1],"tags":[],"class_list":["post-1463","post","type-post","status-publish","format-image","hentry","category-aktualnosci","post_format-post-format-image"],"yoast_head":"<!-- This site is optimized with the Yoast SEO plugin v27.4 - https:\/\/yoast.com\/product\/yoast-seo-wordpress\/ -->\n<title>Konkurs plastyczny \u201ePortret Wiosny z wierszem\u201d - Szko\u0142a Podstawowa im. B\u0142ogos\u0142awionego Jana Paw\u0142a II w \u0141apszach Wy\u017cnych<\/title>\n<meta name=\"robots\" content=\"index, follow, max-snippet:-1, max-image-preview:large, max-video-preview:-1\" \/>\n<link rel=\"canonical\" href=\"https:\/\/spwyzne.lapszenizne.pl\/?p=1463\" \/>\n<meta property=\"og:locale\" content=\"pl_PL\" \/>\n<meta property=\"og:type\" content=\"article\" \/>\n<meta property=\"og:title\" content=\"Konkurs plastyczny \u201ePortret Wiosny z wierszem\u201d - Szko\u0142a Podstawowa im. B\u0142ogos\u0142awionego Jana Paw\u0142a II w \u0141apszach Wy\u017cnych\" \/>\n<meta property=\"og:description\" content=\"Wiosna rozgo\u015bci\u0142a si\u0119 na dobre, cho\u0107 dokuczaj\u0105 nam jeszcze tradycyjnie \u201ezimni ogrodnicy\u201d i \u201ezimna Zo\u015bka\u201d. Mimo porannych przymrozk\u00f3w przyroda wok\u00f3\u0142 kwitnie, na polach i w lasach rozbrzmiewaj\u0105 ptasie trele. Kolory, zapachy i d\u017awi\u0119ki natury potrafi\u0105 wprowadzi\u0107 w poetycko-malarski nastr\u00f3j.\u00a0 Mo\u017ce warto to uzewn\u0119trzni\u0107?\" \/>\n<meta property=\"og:url\" content=\"https:\/\/spwyzne.lapszenizne.pl\/?p=1463\" \/>\n<meta property=\"og:site_name\" content=\"Szko\u0142a Podstawowa im. B\u0142ogos\u0142awionego Jana Paw\u0142a II w \u0141apszach Wy\u017cnych\" \/>\n<meta property=\"article:published_time\" content=\"2020-05-18T17:50:53+00:00\" \/>\n<meta property=\"og:image\" content=\"http:\/\/spwyzne.lapszenizne.pl\/wp-content\/uploads\/2020\/05\/wiosna-300x203.png\" \/>\n<meta name=\"author\" content=\"El\u017cbieta So\u0142tys\" \/>\n<meta name=\"twitter:card\" content=\"summary_large_image\" \/>\n<meta name=\"twitter:label1\" content=\"Napisane przez\" \/>\n\t<meta name=\"twitter:data1\" content=\"El\u017cbieta So\u0142tys\" \/>\n\t<meta name=\"twitter:label2\" content=\"Szacowany czas czytania\" \/>\n\t<meta name=\"twitter:data2\" content=\"1 minuta\" \/>\n<script type=\"application\/ld+json\" class=\"yoast-schema-graph\">{\"@context\":\"https:\\\/\\\/schema.org\",\"@graph\":[{\"@type\":\"Article\",\"@id\":\"https:\\\/\\\/spwyzne.lapszenizne.pl\\\/?p=1463#article\",\"isPartOf\":{\"@id\":\"https:\\\/\\\/spwyzne.lapszenizne.pl\\\/?p=1463\"},\"author\":{\"name\":\"El\u017cbieta So\u0142tys\",\"@id\":\"https:\\\/\\\/spwyzne.lapszenizne.pl\\\/#\\\/schema\\\/person\\\/2ad85a648b7fab1cd592eb539d110d29\"},\"headline\":\"Konkurs plastyczny \u201ePortret Wiosny z wierszem\u201d\",\"datePublished\":\"2020-05-18T17:50:53+00:00\",\"mainEntityOfPage\":{\"@id\":\"https:\\\/\\\/spwyzne.lapszenizne.pl\\\/?p=1463\"},\"wordCount\":142,\"image\":{\"@id\":\"https:\\\/\\\/spwyzne.lapszenizne.pl\\\/?p=1463#primaryimage\"},\"thumbnailUrl\":\"http:\\\/\\\/spwyzne.lapszenizne.pl\\\/wp-content\\\/uploads\\\/2020\\\/05\\\/wiosna-300x203.png\",\"articleSection\":[\"Aktualno\u015bci\"],\"inLanguage\":\"pl-PL\"},{\"@type\":\"WebPage\",\"@id\":\"https:\\\/\\\/spwyzne.lapszenizne.pl\\\/?p=1463\",\"url\":\"https:\\\/\\\/spwyzne.lapszenizne.pl\\\/?p=1463\",\"name\":\"Konkurs plastyczny \u201ePortret Wiosny z wierszem\u201d - Szko\u0142a Podstawowa im. B\u0142ogos\u0142awionego Jana Paw\u0142a II w \u0141apszach Wy\u017cnych\",\"isPartOf\":{\"@id\":\"https:\\\/\\\/spwyzne.lapszenizne.pl\\\/#website\"},\"primaryImageOfPage\":{\"@id\":\"https:\\\/\\\/spwyzne.lapszenizne.pl\\\/?p=1463#primaryimage\"},\"image\":{\"@id\":\"https:\\\/\\\/spwyzne.lapszenizne.pl\\\/?p=1463#primaryimage\"},\"thumbnailUrl\":\"http:\\\/\\\/spwyzne.lapszenizne.pl\\\/wp-content\\\/uploads\\\/2020\\\/05\\\/wiosna-300x203.png\",\"datePublished\":\"2020-05-18T17:50:53+00:00\",\"author\":{\"@id\":\"https:\\\/\\\/spwyzne.lapszenizne.pl\\\/#\\\/schema\\\/person\\\/2ad85a648b7fab1cd592eb539d110d29\"},\"breadcrumb\":{\"@id\":\"https:\\\/\\\/spwyzne.lapszenizne.pl\\\/?p=1463#breadcrumb\"},\"inLanguage\":\"pl-PL\",\"potentialAction\":[{\"@type\":\"ReadAction\",\"target\":[\"https:\\\/\\\/spwyzne.lapszenizne.pl\\\/?p=1463\"]}]},{\"@type\":\"ImageObject\",\"inLanguage\":\"pl-PL\",\"@id\":\"https:\\\/\\\/spwyzne.lapszenizne.pl\\\/?p=1463#primaryimage\",\"url\":\"http:\\\/\\\/spwyzne.lapszenizne.pl\\\/wp-content\\\/uploads\\\/2020\\\/05\\\/wiosna-300x203.png\",\"contentUrl\":\"http:\\\/\\\/spwyzne.lapszenizne.pl\\\/wp-content\\\/uploads\\\/2020\\\/05\\\/wiosna-300x203.png\"},{\"@type\":\"BreadcrumbList\",\"@id\":\"https:\\\/\\\/spwyzne.lapszenizne.pl\\\/?p=1463#breadcrumb\",\"itemListElement\":[{\"@type\":\"ListItem\",\"position\":1,\"name\":\"Strona g\u0142\u00f3wna\",\"item\":\"https:\\\/\\\/spwyzne.lapszenizne.pl\\\/\"},{\"@type\":\"ListItem\",\"position\":2,\"name\":\"Konkurs plastyczny \u201ePortret Wiosny z wierszem\u201d\"}]},{\"@type\":\"WebSite\",\"@id\":\"https:\\\/\\\/spwyzne.lapszenizne.pl\\\/#website\",\"url\":\"https:\\\/\\\/spwyzne.lapszenizne.pl\\\/\",\"name\":\"Szko\u0142a Podstawowa im. B\u0142ogos\u0142awionego Jana Paw\u0142a II w \u0141apszach Wy\u017cnych\",\"description\":\"\",\"potentialAction\":[{\"@type\":\"SearchAction\",\"target\":{\"@type\":\"EntryPoint\",\"urlTemplate\":\"https:\\\/\\\/spwyzne.lapszenizne.pl\\\/?s={search_term_string}\"},\"query-input\":{\"@type\":\"PropertyValueSpecification\",\"valueRequired\":true,\"valueName\":\"search_term_string\"}}],\"inLanguage\":\"pl-PL\"},{\"@type\":\"Person\",\"@id\":\"https:\\\/\\\/spwyzne.lapszenizne.pl\\\/#\\\/schema\\\/person\\\/2ad85a648b7fab1cd592eb539d110d29\",\"name\":\"El\u017cbieta So\u0142tys\",\"image\":{\"@type\":\"ImageObject\",\"inLanguage\":\"pl-PL\",\"@id\":\"https:\\\/\\\/secure.gravatar.com\\\/avatar\\\/302693d55cffbc932e69ddeafa82a05fbae572a06167f720d63d9113df93d047?s=96&d=mm&r=g\",\"url\":\"https:\\\/\\\/secure.gravatar.com\\\/avatar\\\/302693d55cffbc932e69ddeafa82a05fbae572a06167f720d63d9113df93d047?s=96&d=mm&r=g\",\"contentUrl\":\"https:\\\/\\\/secure.gravatar.com\\\/avatar\\\/302693d55cffbc932e69ddeafa82a05fbae572a06167f720d63d9113df93d047?s=96&d=mm&r=g\",\"caption\":\"El\u017cbieta So\u0142tys\"},\"url\":\"https:\\\/\\\/spwyzne.lapszenizne.pl\\\/?author=2\"}]}<\/script>\n<!-- \/ Yoast SEO plugin. -->","yoast_head_json":{"title":"Konkurs plastyczny \u201ePortret Wiosny z wierszem\u201d - Szko\u0142a Podstawowa im. B\u0142ogos\u0142awionego Jana Paw\u0142a II w \u0141apszach Wy\u017cnych","robots":{"index":"index","follow":"follow","max-snippet":"max-snippet:-1","max-image-preview":"max-image-preview:large","max-video-preview":"max-video-preview:-1"},"canonical":"https:\/\/spwyzne.lapszenizne.pl\/?p=1463","og_locale":"pl_PL","og_type":"article","og_title":"Konkurs plastyczny \u201ePortret Wiosny z wierszem\u201d - Szko\u0142a Podstawowa im. B\u0142ogos\u0142awionego Jana Paw\u0142a II w \u0141apszach Wy\u017cnych","og_description":"Wiosna rozgo\u015bci\u0142a si\u0119 na dobre, cho\u0107 dokuczaj\u0105 nam jeszcze tradycyjnie \u201ezimni ogrodnicy\u201d i \u201ezimna Zo\u015bka\u201d. Mimo porannych przymrozk\u00f3w przyroda wok\u00f3\u0142 kwitnie, na polach i w lasach rozbrzmiewaj\u0105 ptasie trele. Kolory, zapachy i d\u017awi\u0119ki natury potrafi\u0105 wprowadzi\u0107 w poetycko-malarski nastr\u00f3j.\u00a0 Mo\u017ce warto to uzewn\u0119trzni\u0107?","og_url":"https:\/\/spwyzne.lapszenizne.pl\/?p=1463","og_site_name":"Szko\u0142a Podstawowa im. B\u0142ogos\u0142awionego Jana Paw\u0142a II w \u0141apszach Wy\u017cnych","article_published_time":"2020-05-18T17:50:53+00:00","og_image":[{"url":"http:\/\/spwyzne.lapszenizne.pl\/wp-content\/uploads\/2020\/05\/wiosna-300x203.png","type":"","width":"","height":""}],"author":"El\u017cbieta So\u0142tys","twitter_card":"summary_large_image","twitter_misc":{"Napisane przez":"El\u017cbieta So\u0142tys","Szacowany czas czytania":"1 minuta"},"schema":{"@context":"https:\/\/schema.org","@graph":[{"@type":"Article","@id":"https:\/\/spwyzne.lapszenizne.pl\/?p=1463#article","isPartOf":{"@id":"https:\/\/spwyzne.lapszenizne.pl\/?p=1463"},"author":{"name":"El\u017cbieta So\u0142tys","@id":"https:\/\/spwyzne.lapszenizne.pl\/#\/schema\/person\/2ad85a648b7fab1cd592eb539d110d29"},"headline":"Konkurs plastyczny \u201ePortret Wiosny z wierszem\u201d","datePublished":"2020-05-18T17:50:53+00:00","mainEntityOfPage":{"@id":"https:\/\/spwyzne.lapszenizne.pl\/?p=1463"},"wordCount":142,"image":{"@id":"https:\/\/spwyzne.lapszenizne.pl\/?p=1463#primaryimage"},"thumbnailUrl":"http:\/\/spwyzne.lapszenizne.pl\/wp-content\/uploads\/2020\/05\/wiosna-300x203.png","articleSection":["Aktualno\u015bci"],"inLanguage":"pl-PL"},{"@type":"WebPage","@id":"https:\/\/spwyzne.lapszenizne.pl\/?p=1463","url":"https:\/\/spwyzne.lapszenizne.pl\/?p=1463","name":"Konkurs plastyczny \u201ePortret Wiosny z wierszem\u201d - Szko\u0142a Podstawowa im. B\u0142ogos\u0142awionego Jana Paw\u0142a II w \u0141apszach Wy\u017cnych","isPartOf":{"@id":"https:\/\/spwyzne.lapszenizne.pl\/#website"},"primaryImageOfPage":{"@id":"https:\/\/spwyzne.lapszenizne.pl\/?p=1463#primaryimage"},"image":{"@id":"https:\/\/spwyzne.lapszenizne.pl\/?p=1463#primaryimage"},"thumbnailUrl":"http:\/\/spwyzne.lapszenizne.pl\/wp-content\/uploads\/2020\/05\/wiosna-300x203.png","datePublished":"2020-05-18T17:50:53+00:00","author":{"@id":"https:\/\/spwyzne.lapszenizne.pl\/#\/schema\/person\/2ad85a648b7fab1cd592eb539d110d29"},"breadcrumb":{"@id":"https:\/\/spwyzne.lapszenizne.pl\/?p=1463#breadcrumb"},"inLanguage":"pl-PL","potentialAction":[{"@type":"ReadAction","target":["https:\/\/spwyzne.lapszenizne.pl\/?p=1463"]}]},{"@type":"ImageObject","inLanguage":"pl-PL","@id":"https:\/\/spwyzne.lapszenizne.pl\/?p=1463#primaryimage","url":"http:\/\/spwyzne.lapszenizne.pl\/wp-content\/uploads\/2020\/05\/wiosna-300x203.png","contentUrl":"http:\/\/spwyzne.lapszenizne.pl\/wp-content\/uploads\/2020\/05\/wiosna-300x203.png"},{"@type":"BreadcrumbList","@id":"https:\/\/spwyzne.lapszenizne.pl\/?p=1463#breadcrumb","itemListElement":[{"@type":"ListItem","position":1,"name":"Strona g\u0142\u00f3wna","item":"https:\/\/spwyzne.lapszenizne.pl\/"},{"@type":"ListItem","position":2,"name":"Konkurs plastyczny \u201ePortret Wiosny z wierszem\u201d"}]},{"@type":"WebSite","@id":"https:\/\/spwyzne.lapszenizne.pl\/#website","url":"https:\/\/spwyzne.lapszenizne.pl\/","name":"Szko\u0142a Podstawowa im. B\u0142ogos\u0142awionego Jana Paw\u0142a II w \u0141apszach Wy\u017cnych","description":"","potentialAction":[{"@type":"SearchAction","target":{"@type":"EntryPoint","urlTemplate":"https:\/\/spwyzne.lapszenizne.pl\/?s={search_term_string}"},"query-input":{"@type":"PropertyValueSpecification","valueRequired":true,"valueName":"search_term_string"}}],"inLanguage":"pl-PL"},{"@type":"Person","@id":"https:\/\/spwyzne.lapszenizne.pl\/#\/schema\/person\/2ad85a648b7fab1cd592eb539d110d29","name":"El\u017cbieta So\u0142tys","image":{"@type":"ImageObject","inLanguage":"pl-PL","@id":"https:\/\/secure.gravatar.com\/avatar\/302693d55cffbc932e69ddeafa82a05fbae572a06167f720d63d9113df93d047?s=96&d=mm&r=g","url":"https:\/\/secure.gravatar.com\/avatar\/302693d55cffbc932e69ddeafa82a05fbae572a06167f720d63d9113df93d047?s=96&d=mm&r=g","contentUrl":"https:\/\/secure.gravatar.com\/avatar\/302693d55cffbc932e69ddeafa82a05fbae572a06167f720d63d9113df93d047?s=96&d=mm&r=g","caption":"El\u017cbieta So\u0142tys"},"url":"https:\/\/spwyzne.lapszenizne.pl\/?author=2"}]}},"_links":{"self":[{"href":"https:\/\/spwyzne.lapszenizne.pl\/index.php?rest_route=\/wp\/v2\/posts\/1463","targetHints":{"allow":["GET"]}}],"collection":[{"href":"https:\/\/spwyzne.lapszenizne.pl\/index.php?rest_route=\/wp\/v2\/posts"}],"about":[{"href":"https:\/\/spwyzne.lapszenizne.pl\/index.php?rest_route=\/wp\/v2\/types\/post"}],"author":[{"embeddable":true,"href":"https:\/\/spwyzne.lapszenizne.pl\/index.php?rest_route=\/wp\/v2\/users\/2"}],"replies":[{"embeddable":true,"href":"https:\/\/spwyzne.lapszenizne.pl\/index.php?rest_route=%2Fwp%2Fv2%2Fcomments&post=1463"}],"version-history":[{"count":1,"href":"https:\/\/spwyzne.lapszenizne.pl\/index.php?rest_route=\/wp\/v2\/posts\/1463\/revisions"}],"predecessor-version":[{"id":1466,"href":"https:\/\/spwyzne.lapszenizne.pl\/index.php?rest_route=\/wp\/v2\/posts\/1463\/revisions\/1466"}],"wp:attachment":[{"href":"https:\/\/spwyzne.lapszenizne.pl\/index.php?rest_route=%2Fwp%2Fv2%2Fmedia&parent=1463"}],"wp:term":[{"taxonomy":"category","embeddable":true,"href":"https:\/\/spwyzne.lapszenizne.pl\/index.php?rest_route=%2Fwp%2Fv2%2Fcategories&post=1463"},{"taxonomy":"post_tag","embeddable":true,"href":"https:\/\/spwyzne.lapszenizne.pl\/index.php?rest_route=%2Fwp%2Fv2%2Ftags&post=1463"}],"curies":[{"name":"wp","href":"https:\/\/api.w.org\/{rel}","templated":true}]}}