{"id":2122,"date":"2021-02-10T11:11:41","date_gmt":"2021-02-10T10:11:41","guid":{"rendered":"http:\/\/spwyzne.lapszenizne.pl\/?p=2122"},"modified":"2021-02-28T12:39:31","modified_gmt":"2021-02-28T11:39:31","slug":"rekrutacja-do-oddzialu-przedszkolnego-2021-2022","status":"publish","type":"post","link":"https:\/\/spwyzne.lapszenizne.pl\/?p=2122","title":{"rendered":"Rekrutacja do oddzia\u0142u przedszkolnego 2021\/2022"},"content":{"rendered":"<p style=\"font-weight: 400;\"><img loading=\"lazy\" decoding=\"async\" class=\"wp-image-1181 alignleft\" src=\"https:\/\/spwyzne.lapszenizne.pl\/wp-content\/uploads\/2020\/02\/rekrutacja-300x208.jpg\" alt=\"\" width=\"200\" height=\"139\" srcset=\"https:\/\/spwyzne.lapszenizne.pl\/wp-content\/uploads\/2020\/02\/rekrutacja-300x208.jpg 300w, https:\/\/spwyzne.lapszenizne.pl\/wp-content\/uploads\/2020\/02\/rekrutacja-289x200.jpg 289w, https:\/\/spwyzne.lapszenizne.pl\/wp-content\/uploads\/2020\/02\/rekrutacja.jpg 422w\" sizes=\"auto, (max-width: 200px) 100vw, 200px\" \/>Od 8 do 15 lutego 2021r. rodzice dzieci ucz\u0119szczaj\u0105cych do oddzia\u0142u przedszkolnego sk\u0142adaj\u0105 pisemn\u0105 deklaracj\u0119 o kontynuacji wychowania przedszkolnego w naszym przedszkolu.<!--more--><\/p>\n<p style=\"font-weight: 400;\">Od 1 do 31 marca 2021r. mo\u017cna sk\u0142ada\u0107 wnioski o przyj\u0119cie do oddzia\u0142u przedszkolnego oraz do klasy I szko\u0142y podstawowej.<\/p>\n<p style=\"font-weight: 400; padding-left: 600px;\">Dzi\u0119kuj\u0119<br \/>\nAnna Stanek<br \/>\np.o. dyrektora szko\u0142y<\/p>\n<p>&nbsp;<\/p>\n<p style=\"font-weight: 400;\">(dokumenty do pobrania ze strony szko\u0142y lub osobi\u015bcie w szkole).<\/p>\n<p><a href=\"https:\/\/spwyzne.lapszenizne.pl\/wp-content\/uploads\/2021\/02\/WNIOSEK-o-przyjecie-dziecka-do-przedszkola.docx\">WNIOSEK o przyjecie dziecka do przedszkola<\/a><\/p>\n<p><a href=\"https:\/\/spwyzne.lapszenizne.pl\/wp-content\/uploads\/2021\/02\/Zarzadzenie-w-sp.-rekrutacji-do-przedszkoli.pdf\">Zarzadzenie w sp. rekrutacji do przedszkoli<\/a><\/p>\n<p><a href=\"https:\/\/spwyzne.lapszenizne.pl\/wp-content\/uploads\/2021\/02\/oswiadczenie_o_wielodzietnosci.pdf\">oswiadczenie_o_wielodzietnosci<\/a><\/p>\n<p><a href=\"https:\/\/spwyzne.lapszenizne.pl\/wp-content\/uploads\/2021\/02\/OSWIADCZENIE-O-OBJECIU-ROCZNY-PRZYGOTOWANIEM-PRZEDSZKONYM-KANDYDATA.docx\">O\u015aWIADCZENIE O OBJ\u0118CIU ROCZNY PRZYGOTOWANIEM PRZEDSZKONYM KANDYDATA<\/a><\/p>\n<p><a href=\"https:\/\/spwyzne.lapszenizne.pl\/wp-content\/uploads\/2021\/02\/oswiadczenie_o_zatrudnieniu.pdf\">oswiadczenie_o_zatrudnieniu<\/a><\/p>\n<p><a href=\"https:\/\/spwyzne.lapszenizne.pl\/wp-content\/uploads\/2021\/02\/OSWIADCZENIE-DEKLARACJA-POBycie-KANDYDATA.docx\">O\u015aWIADCZENIE DEKLARACJA POBycie KANDYDATA<\/a><\/p>\n<p><a href=\"https:\/\/spwyzne.lapszenizne.pl\/wp-content\/uploads\/2021\/02\/DEKLARACJA-o-kontynuacji-wychowania-przedszkolnego-2021-2022.docx\">DEKLARACJA o kontynuacji wychowania przedszkolnego 2021 2022<\/a><\/p>\n<p><a href=\"https:\/\/spwyzne.lapszenizne.pl\/wp-content\/uploads\/2021\/02\/zgloszenie_do_klasy_1.docx\">zgloszenie_do_klasy_1<\/a><\/p>\n<p>&nbsp;<\/p>\n","protected":false},"excerpt":{"rendered":"<p>Od 8 do 15 lutego 2021r. rodzice dzieci ucz\u0119szczaj\u0105cych do oddzia\u0142u przedszkolnego sk\u0142adaj\u0105 pisemn\u0105 deklaracj\u0119 o kontynuacji wychowania przedszkolnego w naszym przedszkolu.<\/p>\n","protected":false},"author":2,"featured_media":0,"comment_status":"closed","ping_status":"open","sticky":false,"template":"","format":"image","meta":{"footnotes":""},"categories":[7],"tags":[],"class_list":["post-2122","post","type-post","status-publish","format-image","hentry","category-rekrutacja","post_format-post-format-image"],"yoast_head":"<!-- This site is optimized with the Yoast SEO plugin v27.4 - https:\/\/yoast.com\/product\/yoast-seo-wordpress\/ -->\n<title>Rekrutacja do oddzia\u0142u przedszkolnego 2021\/2022 - Szko\u0142a Podstawowa im. B\u0142ogos\u0142awionego Jana Paw\u0142a II w \u0141apszach Wy\u017cnych<\/title>\n<meta name=\"robots\" content=\"index, follow, max-snippet:-1, max-image-preview:large, max-video-preview:-1\" \/>\n<link rel=\"canonical\" href=\"https:\/\/spwyzne.lapszenizne.pl\/?p=2122\" \/>\n<meta property=\"og:locale\" content=\"pl_PL\" \/>\n<meta property=\"og:type\" content=\"article\" \/>\n<meta property=\"og:title\" content=\"Rekrutacja do oddzia\u0142u przedszkolnego 2021\/2022 - Szko\u0142a Podstawowa im. B\u0142ogos\u0142awionego Jana Paw\u0142a II w \u0141apszach Wy\u017cnych\" \/>\n<meta property=\"og:description\" content=\"Od 8 do 15 lutego 2021r. rodzice dzieci ucz\u0119szczaj\u0105cych do oddzia\u0142u przedszkolnego sk\u0142adaj\u0105 pisemn\u0105 deklaracj\u0119 o kontynuacji wychowania przedszkolnego w naszym przedszkolu.\" \/>\n<meta property=\"og:url\" content=\"https:\/\/spwyzne.lapszenizne.pl\/?p=2122\" \/>\n<meta property=\"og:site_name\" content=\"Szko\u0142a Podstawowa im. B\u0142ogos\u0142awionego Jana Paw\u0142a II w \u0141apszach Wy\u017cnych\" \/>\n<meta property=\"article:published_time\" content=\"2021-02-10T10:11:41+00:00\" \/>\n<meta property=\"article:modified_time\" content=\"2021-02-28T11:39:31+00:00\" \/>\n<meta property=\"og:image\" content=\"http:\/\/spwyzne.lapszenizne.pl\/wp-content\/uploads\/2020\/02\/rekrutacja-300x208.jpg\" \/>\n<meta name=\"author\" content=\"El\u017cbieta So\u0142tys\" \/>\n<meta name=\"twitter:card\" content=\"summary_large_image\" \/>\n<meta name=\"twitter:label1\" content=\"Napisane przez\" \/>\n\t<meta name=\"twitter:data1\" content=\"El\u017cbieta So\u0142tys\" \/>\n\t<meta name=\"twitter:label2\" content=\"Szacowany czas czytania\" \/>\n\t<meta name=\"twitter:data2\" content=\"1 minuta\" \/>\n<script type=\"application\/ld+json\" class=\"yoast-schema-graph\">{\"@context\":\"https:\\\/\\\/schema.org\",\"@graph\":[{\"@type\":\"Article\",\"@id\":\"https:\\\/\\\/spwyzne.lapszenizne.pl\\\/?p=2122#article\",\"isPartOf\":{\"@id\":\"https:\\\/\\\/spwyzne.lapszenizne.pl\\\/?p=2122\"},\"author\":{\"name\":\"El\u017cbieta So\u0142tys\",\"@id\":\"https:\\\/\\\/spwyzne.lapszenizne.pl\\\/#\\\/schema\\\/person\\\/2ad85a648b7fab1cd592eb539d110d29\"},\"headline\":\"Rekrutacja do oddzia\u0142u przedszkolnego 2021\\\/2022\",\"datePublished\":\"2021-02-10T10:11:41+00:00\",\"dateModified\":\"2021-02-28T11:39:31+00:00\",\"mainEntityOfPage\":{\"@id\":\"https:\\\/\\\/spwyzne.lapszenizne.pl\\\/?p=2122\"},\"wordCount\":115,\"image\":{\"@id\":\"https:\\\/\\\/spwyzne.lapszenizne.pl\\\/?p=2122#primaryimage\"},\"thumbnailUrl\":\"http:\\\/\\\/spwyzne.lapszenizne.pl\\\/wp-content\\\/uploads\\\/2020\\\/02\\\/rekrutacja-300x208.jpg\",\"articleSection\":[\"Rekrutacja\"],\"inLanguage\":\"pl-PL\"},{\"@type\":\"WebPage\",\"@id\":\"https:\\\/\\\/spwyzne.lapszenizne.pl\\\/?p=2122\",\"url\":\"https:\\\/\\\/spwyzne.lapszenizne.pl\\\/?p=2122\",\"name\":\"Rekrutacja do oddzia\u0142u przedszkolnego 2021\\\/2022 - Szko\u0142a Podstawowa im. B\u0142ogos\u0142awionego Jana Paw\u0142a II w \u0141apszach Wy\u017cnych\",\"isPartOf\":{\"@id\":\"https:\\\/\\\/spwyzne.lapszenizne.pl\\\/#website\"},\"primaryImageOfPage\":{\"@id\":\"https:\\\/\\\/spwyzne.lapszenizne.pl\\\/?p=2122#primaryimage\"},\"image\":{\"@id\":\"https:\\\/\\\/spwyzne.lapszenizne.pl\\\/?p=2122#primaryimage\"},\"thumbnailUrl\":\"http:\\\/\\\/spwyzne.lapszenizne.pl\\\/wp-content\\\/uploads\\\/2020\\\/02\\\/rekrutacja-300x208.jpg\",\"datePublished\":\"2021-02-10T10:11:41+00:00\",\"dateModified\":\"2021-02-28T11:39:31+00:00\",\"author\":{\"@id\":\"https:\\\/\\\/spwyzne.lapszenizne.pl\\\/#\\\/schema\\\/person\\\/2ad85a648b7fab1cd592eb539d110d29\"},\"breadcrumb\":{\"@id\":\"https:\\\/\\\/spwyzne.lapszenizne.pl\\\/?p=2122#breadcrumb\"},\"inLanguage\":\"pl-PL\",\"potentialAction\":[{\"@type\":\"ReadAction\",\"target\":[\"https:\\\/\\\/spwyzne.lapszenizne.pl\\\/?p=2122\"]}]},{\"@type\":\"ImageObject\",\"inLanguage\":\"pl-PL\",\"@id\":\"https:\\\/\\\/spwyzne.lapszenizne.pl\\\/?p=2122#primaryimage\",\"url\":\"http:\\\/\\\/spwyzne.lapszenizne.pl\\\/wp-content\\\/uploads\\\/2020\\\/02\\\/rekrutacja-300x208.jpg\",\"contentUrl\":\"http:\\\/\\\/spwyzne.lapszenizne.pl\\\/wp-content\\\/uploads\\\/2020\\\/02\\\/rekrutacja-300x208.jpg\"},{\"@type\":\"BreadcrumbList\",\"@id\":\"https:\\\/\\\/spwyzne.lapszenizne.pl\\\/?p=2122#breadcrumb\",\"itemListElement\":[{\"@type\":\"ListItem\",\"position\":1,\"name\":\"Strona g\u0142\u00f3wna\",\"item\":\"https:\\\/\\\/spwyzne.lapszenizne.pl\\\/\"},{\"@type\":\"ListItem\",\"position\":2,\"name\":\"Rekrutacja do oddzia\u0142u przedszkolnego 2021\\\/2022\"}]},{\"@type\":\"WebSite\",\"@id\":\"https:\\\/\\\/spwyzne.lapszenizne.pl\\\/#website\",\"url\":\"https:\\\/\\\/spwyzne.lapszenizne.pl\\\/\",\"name\":\"Szko\u0142a Podstawowa im. B\u0142ogos\u0142awionego Jana Paw\u0142a II w \u0141apszach Wy\u017cnych\",\"description\":\"\",\"potentialAction\":[{\"@type\":\"SearchAction\",\"target\":{\"@type\":\"EntryPoint\",\"urlTemplate\":\"https:\\\/\\\/spwyzne.lapszenizne.pl\\\/?s={search_term_string}\"},\"query-input\":{\"@type\":\"PropertyValueSpecification\",\"valueRequired\":true,\"valueName\":\"search_term_string\"}}],\"inLanguage\":\"pl-PL\"},{\"@type\":\"Person\",\"@id\":\"https:\\\/\\\/spwyzne.lapszenizne.pl\\\/#\\\/schema\\\/person\\\/2ad85a648b7fab1cd592eb539d110d29\",\"name\":\"El\u017cbieta So\u0142tys\",\"image\":{\"@type\":\"ImageObject\",\"inLanguage\":\"pl-PL\",\"@id\":\"https:\\\/\\\/secure.gravatar.com\\\/avatar\\\/302693d55cffbc932e69ddeafa82a05fbae572a06167f720d63d9113df93d047?s=96&d=mm&r=g\",\"url\":\"https:\\\/\\\/secure.gravatar.com\\\/avatar\\\/302693d55cffbc932e69ddeafa82a05fbae572a06167f720d63d9113df93d047?s=96&d=mm&r=g\",\"contentUrl\":\"https:\\\/\\\/secure.gravatar.com\\\/avatar\\\/302693d55cffbc932e69ddeafa82a05fbae572a06167f720d63d9113df93d047?s=96&d=mm&r=g\",\"caption\":\"El\u017cbieta So\u0142tys\"},\"url\":\"https:\\\/\\\/spwyzne.lapszenizne.pl\\\/?author=2\"}]}<\/script>\n<!-- \/ Yoast SEO plugin. -->","yoast_head_json":{"title":"Rekrutacja do oddzia\u0142u przedszkolnego 2021\/2022 - Szko\u0142a Podstawowa im. B\u0142ogos\u0142awionego Jana Paw\u0142a II w \u0141apszach Wy\u017cnych","robots":{"index":"index","follow":"follow","max-snippet":"max-snippet:-1","max-image-preview":"max-image-preview:large","max-video-preview":"max-video-preview:-1"},"canonical":"https:\/\/spwyzne.lapszenizne.pl\/?p=2122","og_locale":"pl_PL","og_type":"article","og_title":"Rekrutacja do oddzia\u0142u przedszkolnego 2021\/2022 - Szko\u0142a Podstawowa im. B\u0142ogos\u0142awionego Jana Paw\u0142a II w \u0141apszach Wy\u017cnych","og_description":"Od 8 do 15 lutego 2021r. rodzice dzieci ucz\u0119szczaj\u0105cych do oddzia\u0142u przedszkolnego sk\u0142adaj\u0105 pisemn\u0105 deklaracj\u0119 o kontynuacji wychowania przedszkolnego w naszym przedszkolu.","og_url":"https:\/\/spwyzne.lapszenizne.pl\/?p=2122","og_site_name":"Szko\u0142a Podstawowa im. B\u0142ogos\u0142awionego Jana Paw\u0142a II w \u0141apszach Wy\u017cnych","article_published_time":"2021-02-10T10:11:41+00:00","article_modified_time":"2021-02-28T11:39:31+00:00","og_image":[{"url":"http:\/\/spwyzne.lapszenizne.pl\/wp-content\/uploads\/2020\/02\/rekrutacja-300x208.jpg","type":"","width":"","height":""}],"author":"El\u017cbieta So\u0142tys","twitter_card":"summary_large_image","twitter_misc":{"Napisane przez":"El\u017cbieta So\u0142tys","Szacowany czas czytania":"1 minuta"},"schema":{"@context":"https:\/\/schema.org","@graph":[{"@type":"Article","@id":"https:\/\/spwyzne.lapszenizne.pl\/?p=2122#article","isPartOf":{"@id":"https:\/\/spwyzne.lapszenizne.pl\/?p=2122"},"author":{"name":"El\u017cbieta So\u0142tys","@id":"https:\/\/spwyzne.lapszenizne.pl\/#\/schema\/person\/2ad85a648b7fab1cd592eb539d110d29"},"headline":"Rekrutacja do oddzia\u0142u przedszkolnego 2021\/2022","datePublished":"2021-02-10T10:11:41+00:00","dateModified":"2021-02-28T11:39:31+00:00","mainEntityOfPage":{"@id":"https:\/\/spwyzne.lapszenizne.pl\/?p=2122"},"wordCount":115,"image":{"@id":"https:\/\/spwyzne.lapszenizne.pl\/?p=2122#primaryimage"},"thumbnailUrl":"http:\/\/spwyzne.lapszenizne.pl\/wp-content\/uploads\/2020\/02\/rekrutacja-300x208.jpg","articleSection":["Rekrutacja"],"inLanguage":"pl-PL"},{"@type":"WebPage","@id":"https:\/\/spwyzne.lapszenizne.pl\/?p=2122","url":"https:\/\/spwyzne.lapszenizne.pl\/?p=2122","name":"Rekrutacja do oddzia\u0142u przedszkolnego 2021\/2022 - Szko\u0142a Podstawowa im. B\u0142ogos\u0142awionego Jana Paw\u0142a II w \u0141apszach Wy\u017cnych","isPartOf":{"@id":"https:\/\/spwyzne.lapszenizne.pl\/#website"},"primaryImageOfPage":{"@id":"https:\/\/spwyzne.lapszenizne.pl\/?p=2122#primaryimage"},"image":{"@id":"https:\/\/spwyzne.lapszenizne.pl\/?p=2122#primaryimage"},"thumbnailUrl":"http:\/\/spwyzne.lapszenizne.pl\/wp-content\/uploads\/2020\/02\/rekrutacja-300x208.jpg","datePublished":"2021-02-10T10:11:41+00:00","dateModified":"2021-02-28T11:39:31+00:00","author":{"@id":"https:\/\/spwyzne.lapszenizne.pl\/#\/schema\/person\/2ad85a648b7fab1cd592eb539d110d29"},"breadcrumb":{"@id":"https:\/\/spwyzne.lapszenizne.pl\/?p=2122#breadcrumb"},"inLanguage":"pl-PL","potentialAction":[{"@type":"ReadAction","target":["https:\/\/spwyzne.lapszenizne.pl\/?p=2122"]}]},{"@type":"ImageObject","inLanguage":"pl-PL","@id":"https:\/\/spwyzne.lapszenizne.pl\/?p=2122#primaryimage","url":"http:\/\/spwyzne.lapszenizne.pl\/wp-content\/uploads\/2020\/02\/rekrutacja-300x208.jpg","contentUrl":"http:\/\/spwyzne.lapszenizne.pl\/wp-content\/uploads\/2020\/02\/rekrutacja-300x208.jpg"},{"@type":"BreadcrumbList","@id":"https:\/\/spwyzne.lapszenizne.pl\/?p=2122#breadcrumb","itemListElement":[{"@type":"ListItem","position":1,"name":"Strona g\u0142\u00f3wna","item":"https:\/\/spwyzne.lapszenizne.pl\/"},{"@type":"ListItem","position":2,"name":"Rekrutacja do oddzia\u0142u przedszkolnego 2021\/2022"}]},{"@type":"WebSite","@id":"https:\/\/spwyzne.lapszenizne.pl\/#website","url":"https:\/\/spwyzne.lapszenizne.pl\/","name":"Szko\u0142a Podstawowa im. B\u0142ogos\u0142awionego Jana Paw\u0142a II w \u0141apszach Wy\u017cnych","description":"","potentialAction":[{"@type":"SearchAction","target":{"@type":"EntryPoint","urlTemplate":"https:\/\/spwyzne.lapszenizne.pl\/?s={search_term_string}"},"query-input":{"@type":"PropertyValueSpecification","valueRequired":true,"valueName":"search_term_string"}}],"inLanguage":"pl-PL"},{"@type":"Person","@id":"https:\/\/spwyzne.lapszenizne.pl\/#\/schema\/person\/2ad85a648b7fab1cd592eb539d110d29","name":"El\u017cbieta So\u0142tys","image":{"@type":"ImageObject","inLanguage":"pl-PL","@id":"https:\/\/secure.gravatar.com\/avatar\/302693d55cffbc932e69ddeafa82a05fbae572a06167f720d63d9113df93d047?s=96&d=mm&r=g","url":"https:\/\/secure.gravatar.com\/avatar\/302693d55cffbc932e69ddeafa82a05fbae572a06167f720d63d9113df93d047?s=96&d=mm&r=g","contentUrl":"https:\/\/secure.gravatar.com\/avatar\/302693d55cffbc932e69ddeafa82a05fbae572a06167f720d63d9113df93d047?s=96&d=mm&r=g","caption":"El\u017cbieta So\u0142tys"},"url":"https:\/\/spwyzne.lapszenizne.pl\/?author=2"}]}},"_links":{"self":[{"href":"https:\/\/spwyzne.lapszenizne.pl\/index.php?rest_route=\/wp\/v2\/posts\/2122","targetHints":{"allow":["GET"]}}],"collection":[{"href":"https:\/\/spwyzne.lapszenizne.pl\/index.php?rest_route=\/wp\/v2\/posts"}],"about":[{"href":"https:\/\/spwyzne.lapszenizne.pl\/index.php?rest_route=\/wp\/v2\/types\/post"}],"author":[{"embeddable":true,"href":"https:\/\/spwyzne.lapszenizne.pl\/index.php?rest_route=\/wp\/v2\/users\/2"}],"replies":[{"embeddable":true,"href":"https:\/\/spwyzne.lapszenizne.pl\/index.php?rest_route=%2Fwp%2Fv2%2Fcomments&post=2122"}],"version-history":[{"count":4,"href":"https:\/\/spwyzne.lapszenizne.pl\/index.php?rest_route=\/wp\/v2\/posts\/2122\/revisions"}],"predecessor-version":[{"id":2191,"href":"https:\/\/spwyzne.lapszenizne.pl\/index.php?rest_route=\/wp\/v2\/posts\/2122\/revisions\/2191"}],"wp:attachment":[{"href":"https:\/\/spwyzne.lapszenizne.pl\/index.php?rest_route=%2Fwp%2Fv2%2Fmedia&parent=2122"}],"wp:term":[{"taxonomy":"category","embeddable":true,"href":"https:\/\/spwyzne.lapszenizne.pl\/index.php?rest_route=%2Fwp%2Fv2%2Fcategories&post=2122"},{"taxonomy":"post_tag","embeddable":true,"href":"https:\/\/spwyzne.lapszenizne.pl\/index.php?rest_route=%2Fwp%2Fv2%2Ftags&post=2122"}],"curies":[{"name":"wp","href":"https:\/\/api.w.org\/{rel}","templated":true}]}}