{"id":2160,"date":"2021-02-15T22:56:39","date_gmt":"2021-02-15T21:56:39","guid":{"rendered":"http:\/\/spwyzne.lapszenizne.pl\/?p=2160"},"modified":"2021-04-20T19:13:59","modified_gmt":"2021-04-20T17:13:59","slug":"terminy-postepowania-rekrutacyjnego-na-rok-szkolny-2021-2022","status":"publish","type":"post","link":"https:\/\/spwyzne.lapszenizne.pl\/?p=2160","title":{"rendered":"Terminy post\u0119powania rekrutacyjnego na rok szkolny 2021\/2022"},"content":{"rendered":"<p style=\"text-align: justify;\"><a href=\"https:\/\/www.gov.pl\/web\/edukacja-i-nauka\/terminy-rekrutacji-do-szkol\"><img loading=\"lazy\" decoding=\"async\" class=\"wp-image-2161 alignleft\" src=\"https:\/\/spwyzne.lapszenizne.pl\/wp-content\/uploads\/2021\/02\/rekrutacja-2021-300x127.png\" alt=\"\" width=\"251\" height=\"106\" srcset=\"https:\/\/spwyzne.lapszenizne.pl\/wp-content\/uploads\/2021\/02\/rekrutacja-2021-300x127.png 300w, https:\/\/spwyzne.lapszenizne.pl\/wp-content\/uploads\/2021\/02\/rekrutacja-2021-473x200.png 473w, https:\/\/spwyzne.lapszenizne.pl\/wp-content\/uploads\/2021\/02\/rekrutacja-2021.png 729w\" sizes=\"auto, (max-width: 251px) 100vw, 251px\" \/><\/a>Og\u0142aszamy terminy post\u0119powania rekrutacyjnego i sk\u0142adania dokument\u00f3w do klas pierwszych szk\u00f3\u0142 ponadpodstawowych i klas wst\u0119pnych szk\u00f3\u0142 ponadpodstawowych. <!--more-->Ustalony przez Ministra Edukacji i Nauki harmonogram post\u0119powania rekrutacyjnego do szk\u00f3\u0142 dla m\u0142odzie\u017cy dostosowany jest do zmienionego harmonogramu przeprowadzanych egzamin\u00f3w \u00f3smoklasisty, w tym terminu wydania za\u015bwiadczenia o wyniku tego egzaminu przez Okr\u0119gowe Komisje Egzaminacyjne.<\/p>\n<p>Wi\u0119cej informacji na stronie gov.pl pod linkiem poni\u017cej:<\/p>\n<p><a href=\"https:\/\/www.gov.pl\/web\/edukacja-i-nauka\/terminy-rekrutacji-do-szkol\">https:\/\/www.gov.pl\/web\/edukacja-i-nauka\/terminy-rekrutacji-do-szkol<\/a><\/p>\n<p>&nbsp;<\/p>\n","protected":false},"excerpt":{"rendered":"<p>Og\u0142aszamy terminy post\u0119powania rekrutacyjnego i sk\u0142adania dokument\u00f3w do klas pierwszych szk\u00f3\u0142 ponadpodstawowych i klas wst\u0119pnych szk\u00f3\u0142 ponadpodstawowych.<\/p>\n","protected":false},"author":2,"featured_media":0,"comment_status":"closed","ping_status":"open","sticky":false,"template":"","format":"image","meta":{"footnotes":""},"categories":[11],"tags":[],"class_list":["post-2160","post","type-post","status-publish","format-image","hentry","category-klasa-viii","post_format-post-format-image"],"yoast_head":"<!-- This site is optimized with the Yoast SEO plugin v27.4 - https:\/\/yoast.com\/product\/yoast-seo-wordpress\/ -->\n<title>Terminy post\u0119powania rekrutacyjnego na rok szkolny 2021\/2022 - Szko\u0142a Podstawowa im. B\u0142ogos\u0142awionego Jana Paw\u0142a II w \u0141apszach Wy\u017cnych<\/title>\n<meta name=\"robots\" content=\"index, follow, max-snippet:-1, max-image-preview:large, max-video-preview:-1\" \/>\n<link rel=\"canonical\" href=\"https:\/\/spwyzne.lapszenizne.pl\/?p=2160\" \/>\n<meta property=\"og:locale\" content=\"pl_PL\" \/>\n<meta property=\"og:type\" content=\"article\" \/>\n<meta property=\"og:title\" content=\"Terminy post\u0119powania rekrutacyjnego na rok szkolny 2021\/2022 - Szko\u0142a Podstawowa im. B\u0142ogos\u0142awionego Jana Paw\u0142a II w \u0141apszach Wy\u017cnych\" \/>\n<meta property=\"og:description\" content=\"Og\u0142aszamy terminy post\u0119powania rekrutacyjnego i sk\u0142adania dokument\u00f3w do klas pierwszych szk\u00f3\u0142 ponadpodstawowych i klas wst\u0119pnych szk\u00f3\u0142 ponadpodstawowych.\" \/>\n<meta property=\"og:url\" content=\"https:\/\/spwyzne.lapszenizne.pl\/?p=2160\" \/>\n<meta property=\"og:site_name\" content=\"Szko\u0142a Podstawowa im. B\u0142ogos\u0142awionego Jana Paw\u0142a II w \u0141apszach Wy\u017cnych\" \/>\n<meta property=\"article:published_time\" content=\"2021-02-15T21:56:39+00:00\" \/>\n<meta property=\"article:modified_time\" content=\"2021-04-20T17:13:59+00:00\" \/>\n<meta property=\"og:image\" content=\"http:\/\/spwyzne.lapszenizne.pl\/wp-content\/uploads\/2021\/02\/rekrutacja-2021-300x127.png\" \/>\n<meta name=\"author\" content=\"El\u017cbieta So\u0142tys\" \/>\n<meta name=\"twitter:card\" content=\"summary_large_image\" \/>\n<meta name=\"twitter:label1\" content=\"Napisane przez\" \/>\n\t<meta name=\"twitter:data1\" content=\"El\u017cbieta So\u0142tys\" \/>\n<script type=\"application\/ld+json\" class=\"yoast-schema-graph\">{\"@context\":\"https:\\\/\\\/schema.org\",\"@graph\":[{\"@type\":\"Article\",\"@id\":\"https:\\\/\\\/spwyzne.lapszenizne.pl\\\/?p=2160#article\",\"isPartOf\":{\"@id\":\"https:\\\/\\\/spwyzne.lapszenizne.pl\\\/?p=2160\"},\"author\":{\"name\":\"El\u017cbieta So\u0142tys\",\"@id\":\"https:\\\/\\\/spwyzne.lapszenizne.pl\\\/#\\\/schema\\\/person\\\/2ad85a648b7fab1cd592eb539d110d29\"},\"headline\":\"Terminy post\u0119powania rekrutacyjnego na rok szkolny 2021\\\/2022\",\"datePublished\":\"2021-02-15T21:56:39+00:00\",\"dateModified\":\"2021-04-20T17:13:59+00:00\",\"mainEntityOfPage\":{\"@id\":\"https:\\\/\\\/spwyzne.lapszenizne.pl\\\/?p=2160\"},\"wordCount\":88,\"image\":{\"@id\":\"https:\\\/\\\/spwyzne.lapszenizne.pl\\\/?p=2160#primaryimage\"},\"thumbnailUrl\":\"http:\\\/\\\/spwyzne.lapszenizne.pl\\\/wp-content\\\/uploads\\\/2021\\\/02\\\/rekrutacja-2021-300x127.png\",\"articleSection\":[\"Egzamin \u00d3smoklasisty - Klasa VIII\"],\"inLanguage\":\"pl-PL\"},{\"@type\":\"WebPage\",\"@id\":\"https:\\\/\\\/spwyzne.lapszenizne.pl\\\/?p=2160\",\"url\":\"https:\\\/\\\/spwyzne.lapszenizne.pl\\\/?p=2160\",\"name\":\"Terminy post\u0119powania rekrutacyjnego na rok szkolny 2021\\\/2022 - Szko\u0142a Podstawowa im. B\u0142ogos\u0142awionego Jana Paw\u0142a II w \u0141apszach Wy\u017cnych\",\"isPartOf\":{\"@id\":\"https:\\\/\\\/spwyzne.lapszenizne.pl\\\/#website\"},\"primaryImageOfPage\":{\"@id\":\"https:\\\/\\\/spwyzne.lapszenizne.pl\\\/?p=2160#primaryimage\"},\"image\":{\"@id\":\"https:\\\/\\\/spwyzne.lapszenizne.pl\\\/?p=2160#primaryimage\"},\"thumbnailUrl\":\"http:\\\/\\\/spwyzne.lapszenizne.pl\\\/wp-content\\\/uploads\\\/2021\\\/02\\\/rekrutacja-2021-300x127.png\",\"datePublished\":\"2021-02-15T21:56:39+00:00\",\"dateModified\":\"2021-04-20T17:13:59+00:00\",\"author\":{\"@id\":\"https:\\\/\\\/spwyzne.lapszenizne.pl\\\/#\\\/schema\\\/person\\\/2ad85a648b7fab1cd592eb539d110d29\"},\"breadcrumb\":{\"@id\":\"https:\\\/\\\/spwyzne.lapszenizne.pl\\\/?p=2160#breadcrumb\"},\"inLanguage\":\"pl-PL\",\"potentialAction\":[{\"@type\":\"ReadAction\",\"target\":[\"https:\\\/\\\/spwyzne.lapszenizne.pl\\\/?p=2160\"]}]},{\"@type\":\"ImageObject\",\"inLanguage\":\"pl-PL\",\"@id\":\"https:\\\/\\\/spwyzne.lapszenizne.pl\\\/?p=2160#primaryimage\",\"url\":\"http:\\\/\\\/spwyzne.lapszenizne.pl\\\/wp-content\\\/uploads\\\/2021\\\/02\\\/rekrutacja-2021-300x127.png\",\"contentUrl\":\"http:\\\/\\\/spwyzne.lapszenizne.pl\\\/wp-content\\\/uploads\\\/2021\\\/02\\\/rekrutacja-2021-300x127.png\"},{\"@type\":\"BreadcrumbList\",\"@id\":\"https:\\\/\\\/spwyzne.lapszenizne.pl\\\/?p=2160#breadcrumb\",\"itemListElement\":[{\"@type\":\"ListItem\",\"position\":1,\"name\":\"Strona g\u0142\u00f3wna\",\"item\":\"https:\\\/\\\/spwyzne.lapszenizne.pl\\\/\"},{\"@type\":\"ListItem\",\"position\":2,\"name\":\"Terminy post\u0119powania rekrutacyjnego na rok szkolny 2021\\\/2022\"}]},{\"@type\":\"WebSite\",\"@id\":\"https:\\\/\\\/spwyzne.lapszenizne.pl\\\/#website\",\"url\":\"https:\\\/\\\/spwyzne.lapszenizne.pl\\\/\",\"name\":\"Szko\u0142a Podstawowa im. B\u0142ogos\u0142awionego Jana Paw\u0142a II w \u0141apszach Wy\u017cnych\",\"description\":\"\",\"potentialAction\":[{\"@type\":\"SearchAction\",\"target\":{\"@type\":\"EntryPoint\",\"urlTemplate\":\"https:\\\/\\\/spwyzne.lapszenizne.pl\\\/?s={search_term_string}\"},\"query-input\":{\"@type\":\"PropertyValueSpecification\",\"valueRequired\":true,\"valueName\":\"search_term_string\"}}],\"inLanguage\":\"pl-PL\"},{\"@type\":\"Person\",\"@id\":\"https:\\\/\\\/spwyzne.lapszenizne.pl\\\/#\\\/schema\\\/person\\\/2ad85a648b7fab1cd592eb539d110d29\",\"name\":\"El\u017cbieta So\u0142tys\",\"image\":{\"@type\":\"ImageObject\",\"inLanguage\":\"pl-PL\",\"@id\":\"https:\\\/\\\/secure.gravatar.com\\\/avatar\\\/302693d55cffbc932e69ddeafa82a05fbae572a06167f720d63d9113df93d047?s=96&d=mm&r=g\",\"url\":\"https:\\\/\\\/secure.gravatar.com\\\/avatar\\\/302693d55cffbc932e69ddeafa82a05fbae572a06167f720d63d9113df93d047?s=96&d=mm&r=g\",\"contentUrl\":\"https:\\\/\\\/secure.gravatar.com\\\/avatar\\\/302693d55cffbc932e69ddeafa82a05fbae572a06167f720d63d9113df93d047?s=96&d=mm&r=g\",\"caption\":\"El\u017cbieta So\u0142tys\"},\"url\":\"https:\\\/\\\/spwyzne.lapszenizne.pl\\\/?author=2\"}]}<\/script>\n<!-- \/ Yoast SEO plugin. -->","yoast_head_json":{"title":"Terminy post\u0119powania rekrutacyjnego na rok szkolny 2021\/2022 - Szko\u0142a Podstawowa im. B\u0142ogos\u0142awionego Jana Paw\u0142a II w \u0141apszach Wy\u017cnych","robots":{"index":"index","follow":"follow","max-snippet":"max-snippet:-1","max-image-preview":"max-image-preview:large","max-video-preview":"max-video-preview:-1"},"canonical":"https:\/\/spwyzne.lapszenizne.pl\/?p=2160","og_locale":"pl_PL","og_type":"article","og_title":"Terminy post\u0119powania rekrutacyjnego na rok szkolny 2021\/2022 - Szko\u0142a Podstawowa im. B\u0142ogos\u0142awionego Jana Paw\u0142a II w \u0141apszach Wy\u017cnych","og_description":"Og\u0142aszamy terminy post\u0119powania rekrutacyjnego i sk\u0142adania dokument\u00f3w do klas pierwszych szk\u00f3\u0142 ponadpodstawowych i klas wst\u0119pnych szk\u00f3\u0142 ponadpodstawowych.","og_url":"https:\/\/spwyzne.lapszenizne.pl\/?p=2160","og_site_name":"Szko\u0142a Podstawowa im. B\u0142ogos\u0142awionego Jana Paw\u0142a II w \u0141apszach Wy\u017cnych","article_published_time":"2021-02-15T21:56:39+00:00","article_modified_time":"2021-04-20T17:13:59+00:00","og_image":[{"url":"http:\/\/spwyzne.lapszenizne.pl\/wp-content\/uploads\/2021\/02\/rekrutacja-2021-300x127.png","type":"","width":"","height":""}],"author":"El\u017cbieta So\u0142tys","twitter_card":"summary_large_image","twitter_misc":{"Napisane przez":"El\u017cbieta So\u0142tys"},"schema":{"@context":"https:\/\/schema.org","@graph":[{"@type":"Article","@id":"https:\/\/spwyzne.lapszenizne.pl\/?p=2160#article","isPartOf":{"@id":"https:\/\/spwyzne.lapszenizne.pl\/?p=2160"},"author":{"name":"El\u017cbieta So\u0142tys","@id":"https:\/\/spwyzne.lapszenizne.pl\/#\/schema\/person\/2ad85a648b7fab1cd592eb539d110d29"},"headline":"Terminy post\u0119powania rekrutacyjnego na rok szkolny 2021\/2022","datePublished":"2021-02-15T21:56:39+00:00","dateModified":"2021-04-20T17:13:59+00:00","mainEntityOfPage":{"@id":"https:\/\/spwyzne.lapszenizne.pl\/?p=2160"},"wordCount":88,"image":{"@id":"https:\/\/spwyzne.lapszenizne.pl\/?p=2160#primaryimage"},"thumbnailUrl":"http:\/\/spwyzne.lapszenizne.pl\/wp-content\/uploads\/2021\/02\/rekrutacja-2021-300x127.png","articleSection":["Egzamin \u00d3smoklasisty - Klasa VIII"],"inLanguage":"pl-PL"},{"@type":"WebPage","@id":"https:\/\/spwyzne.lapszenizne.pl\/?p=2160","url":"https:\/\/spwyzne.lapszenizne.pl\/?p=2160","name":"Terminy post\u0119powania rekrutacyjnego na rok szkolny 2021\/2022 - Szko\u0142a Podstawowa im. B\u0142ogos\u0142awionego Jana Paw\u0142a II w \u0141apszach Wy\u017cnych","isPartOf":{"@id":"https:\/\/spwyzne.lapszenizne.pl\/#website"},"primaryImageOfPage":{"@id":"https:\/\/spwyzne.lapszenizne.pl\/?p=2160#primaryimage"},"image":{"@id":"https:\/\/spwyzne.lapszenizne.pl\/?p=2160#primaryimage"},"thumbnailUrl":"http:\/\/spwyzne.lapszenizne.pl\/wp-content\/uploads\/2021\/02\/rekrutacja-2021-300x127.png","datePublished":"2021-02-15T21:56:39+00:00","dateModified":"2021-04-20T17:13:59+00:00","author":{"@id":"https:\/\/spwyzne.lapszenizne.pl\/#\/schema\/person\/2ad85a648b7fab1cd592eb539d110d29"},"breadcrumb":{"@id":"https:\/\/spwyzne.lapszenizne.pl\/?p=2160#breadcrumb"},"inLanguage":"pl-PL","potentialAction":[{"@type":"ReadAction","target":["https:\/\/spwyzne.lapszenizne.pl\/?p=2160"]}]},{"@type":"ImageObject","inLanguage":"pl-PL","@id":"https:\/\/spwyzne.lapszenizne.pl\/?p=2160#primaryimage","url":"http:\/\/spwyzne.lapszenizne.pl\/wp-content\/uploads\/2021\/02\/rekrutacja-2021-300x127.png","contentUrl":"http:\/\/spwyzne.lapszenizne.pl\/wp-content\/uploads\/2021\/02\/rekrutacja-2021-300x127.png"},{"@type":"BreadcrumbList","@id":"https:\/\/spwyzne.lapszenizne.pl\/?p=2160#breadcrumb","itemListElement":[{"@type":"ListItem","position":1,"name":"Strona g\u0142\u00f3wna","item":"https:\/\/spwyzne.lapszenizne.pl\/"},{"@type":"ListItem","position":2,"name":"Terminy post\u0119powania rekrutacyjnego na rok szkolny 2021\/2022"}]},{"@type":"WebSite","@id":"https:\/\/spwyzne.lapszenizne.pl\/#website","url":"https:\/\/spwyzne.lapszenizne.pl\/","name":"Szko\u0142a Podstawowa im. B\u0142ogos\u0142awionego Jana Paw\u0142a II w \u0141apszach Wy\u017cnych","description":"","potentialAction":[{"@type":"SearchAction","target":{"@type":"EntryPoint","urlTemplate":"https:\/\/spwyzne.lapszenizne.pl\/?s={search_term_string}"},"query-input":{"@type":"PropertyValueSpecification","valueRequired":true,"valueName":"search_term_string"}}],"inLanguage":"pl-PL"},{"@type":"Person","@id":"https:\/\/spwyzne.lapszenizne.pl\/#\/schema\/person\/2ad85a648b7fab1cd592eb539d110d29","name":"El\u017cbieta So\u0142tys","image":{"@type":"ImageObject","inLanguage":"pl-PL","@id":"https:\/\/secure.gravatar.com\/avatar\/302693d55cffbc932e69ddeafa82a05fbae572a06167f720d63d9113df93d047?s=96&d=mm&r=g","url":"https:\/\/secure.gravatar.com\/avatar\/302693d55cffbc932e69ddeafa82a05fbae572a06167f720d63d9113df93d047?s=96&d=mm&r=g","contentUrl":"https:\/\/secure.gravatar.com\/avatar\/302693d55cffbc932e69ddeafa82a05fbae572a06167f720d63d9113df93d047?s=96&d=mm&r=g","caption":"El\u017cbieta So\u0142tys"},"url":"https:\/\/spwyzne.lapszenizne.pl\/?author=2"}]}},"_links":{"self":[{"href":"https:\/\/spwyzne.lapszenizne.pl\/index.php?rest_route=\/wp\/v2\/posts\/2160","targetHints":{"allow":["GET"]}}],"collection":[{"href":"https:\/\/spwyzne.lapszenizne.pl\/index.php?rest_route=\/wp\/v2\/posts"}],"about":[{"href":"https:\/\/spwyzne.lapszenizne.pl\/index.php?rest_route=\/wp\/v2\/types\/post"}],"author":[{"embeddable":true,"href":"https:\/\/spwyzne.lapszenizne.pl\/index.php?rest_route=\/wp\/v2\/users\/2"}],"replies":[{"embeddable":true,"href":"https:\/\/spwyzne.lapszenizne.pl\/index.php?rest_route=%2Fwp%2Fv2%2Fcomments&post=2160"}],"version-history":[{"count":3,"href":"https:\/\/spwyzne.lapszenizne.pl\/index.php?rest_route=\/wp\/v2\/posts\/2160\/revisions"}],"predecessor-version":[{"id":2165,"href":"https:\/\/spwyzne.lapszenizne.pl\/index.php?rest_route=\/wp\/v2\/posts\/2160\/revisions\/2165"}],"wp:attachment":[{"href":"https:\/\/spwyzne.lapszenizne.pl\/index.php?rest_route=%2Fwp%2Fv2%2Fmedia&parent=2160"}],"wp:term":[{"taxonomy":"category","embeddable":true,"href":"https:\/\/spwyzne.lapszenizne.pl\/index.php?rest_route=%2Fwp%2Fv2%2Fcategories&post=2160"},{"taxonomy":"post_tag","embeddable":true,"href":"https:\/\/spwyzne.lapszenizne.pl\/index.php?rest_route=%2Fwp%2Fv2%2Ftags&post=2160"}],"curies":[{"name":"wp","href":"https:\/\/api.w.org\/{rel}","templated":true}]}}