{"id":3960,"date":"2022-10-10T20:24:47","date_gmt":"2022-10-10T18:24:47","guid":{"rendered":"https:\/\/spwyzne.lapszenizne.pl\/?p=3960"},"modified":"2022-11-25T13:07:34","modified_gmt":"2022-11-25T12:07:34","slug":"iii-miejsce-dziewczat-i-chlopcow-w-halowej-mini-pilce-noznej-klas-iv-vi","status":"publish","type":"post","link":"https:\/\/spwyzne.lapszenizne.pl\/?p=3960","title":{"rendered":"III MIEJSCE DZIEWCZ\u0104T I CH\u0141OPC\u00d3W W HALOWEJ  MINI PI\u0141CE NO\u017bNEJ KLAS IV-VI"},"content":{"rendered":"<p style=\"text-align: justify;\"><img loading=\"lazy\" decoding=\"async\" class=\"alignleft wp-image-3961\" src=\"https:\/\/spwyzne.lapszenizne.pl\/wp-content\/uploads\/2022\/10\/Zdjecie-grupowe-druzyny-dziewczyn-i-chlopcow-podczas-zawodow-sportowych-pilka-nozna-w-Niedzicy-scaled.jpg\" alt=\" Zdj\u0119cie grupowe dru\u017cyny dziewczyn i ch\u0142opc\u00f3w podczas zawod\u00f3w sportowych - pi\u0142ka no\u017cna w Niedzicy \" width=\"251\" height=\"167\" srcset=\"https:\/\/spwyzne.lapszenizne.pl\/wp-content\/uploads\/2022\/10\/Zdjecie-grupowe-druzyny-dziewczyn-i-chlopcow-podczas-zawodow-sportowych-pilka-nozna-w-Niedzicy-scaled.jpg 2560w, https:\/\/spwyzne.lapszenizne.pl\/wp-content\/uploads\/2022\/10\/Zdjecie-grupowe-druzyny-dziewczyn-i-chlopcow-podczas-zawodow-sportowych-pilka-nozna-w-Niedzicy-300x200.jpg 300w, https:\/\/spwyzne.lapszenizne.pl\/wp-content\/uploads\/2022\/10\/Zdjecie-grupowe-druzyny-dziewczyn-i-chlopcow-podczas-zawodow-sportowych-pilka-nozna-w-Niedzicy-1024x683.jpg 1024w, https:\/\/spwyzne.lapszenizne.pl\/wp-content\/uploads\/2022\/10\/Zdjecie-grupowe-druzyny-dziewczyn-i-chlopcow-podczas-zawodow-sportowych-pilka-nozna-w-Niedzicy-768x512.jpg 768w, https:\/\/spwyzne.lapszenizne.pl\/wp-content\/uploads\/2022\/10\/Zdjecie-grupowe-druzyny-dziewczyn-i-chlopcow-podczas-zawodow-sportowych-pilka-nozna-w-Niedzicy-1536x1024.jpg 1536w, https:\/\/spwyzne.lapszenizne.pl\/wp-content\/uploads\/2022\/10\/Zdjecie-grupowe-druzyny-dziewczyn-i-chlopcow-podczas-zawodow-sportowych-pilka-nozna-w-Niedzicy-2048x1365.jpg 2048w\" sizes=\"auto, (max-width: 251px) 100vw, 251px\" \/>7 pa\u017adziernika na hali sportowej w Niedzicy odby\u0142y si\u0119 Gminne Zawody w mini pi\u0142k\u0119 no\u017cn\u0105 dla dziewcz\u0105t i ch\u0142opc\u00f3w klas IV-VI.<br \/>\nZ gminy przyjecha\u0142o sze\u015b\u0107 zespo\u0142\u00f3w: SP Trybsz, SP \u0141apsze Wy\u017cne, SP \u0141apsze Ni\u017cne, SP Frydman, SP Niedzica i SP Kacwin.<!--more--><\/p>\n<p style=\"text-align: justify;\">Rozgrywki by\u0142y przeprowadzone systemem grupowym. Po wylosowaniu grup rozegrano mecze, kt\u00f3re wy\u0142oni\u0142y po dwie najlepsze dru\u017cyny, kt\u00f3re dosta\u0142y awans do dalszej rywalizacji. Ka\u017cdy mecz mia\u0142 jedn\u0105 po\u0142ow\u0119 i trwa\u0142 8 min. Nasi uczniowie zar\u00f3wno dziewcz\u0119ta i ch\u0142opcy przez wszystkie rozgrywki prezentowali bardzo wysoki poziom. Walczyli do ostatniego meczu, a z najlepszymi dru\u017cynami wygrali poprzez dogrywki &#8211; rzuty karne.<\/p>\n<p><strong>Reprezentacja dziewcz\u0105t:<\/strong><\/p>\n<ol>\n<li>An\u017celika Bednarz &#8211; bramkarz<\/li>\n<li>Joanna Trzop<\/li>\n<li>Izabela Kalata<\/li>\n<li>Ma\u0142gorzata Bizub<\/li>\n<li>Sonia Chowaniec<\/li>\n<li>Julia Krzysik<\/li>\n<\/ol>\n<p><strong>Reprezentacja ch\u0142opc\u00f3w:<\/strong><\/p>\n<ol>\n<li>Jakub Kurczak \u2013 bramkarz<\/li>\n<li>Piotr Trzop<\/li>\n<li>Alan Pacyga<\/li>\n<li>Jan Bylina<\/li>\n<li>Micha\u0142 So\u0142tys<\/li>\n<li>Konrad So\u0142tys<\/li>\n<li>Kacper So\u0142tys<\/li>\n<li>Kacper Ko\u0142odziej<\/li>\n<li>Krystian Bednarz<\/li>\n<\/ol>\n<p>Dzi\u0119kujemy za zaanga\u017cowanie podczas gry i \u017cyczymy powodzenia w dalszych rozgrywkach sportowych.<\/p>\n<p style=\"text-align: right;\">M. Arendarczyk<\/p>\n<p><a href=\"https:\/\/spwyzne.lapszenizne.pl\/wp-content\/uploads\/2022\/10\/Halowa-Mini-Pilka-Nozna-klas-IV-VI-2022r..pdf\">Halowa Mini Pi\u0142ka No\u017cna klas IV-VI &#8211; 2022r.<\/a><\/p>\n<p>&nbsp;<\/p>\n<style id=\"bwg-style-0\">    #bwg_container1_0 #bwg_container2_0 .bwg-container-0.bwg-standard-thumbnails {      width: 1254px;              justify-content: center;        margin:0 auto !important;              background-color: rgba(255, 255, 255, 0.00);            padding-left: 4px;      padding-top: 4px;      max-width: 100%;            }        #bwg_container1_0 #bwg_container2_0 .bwg-container-0.bwg-standard-thumbnails .bwg-item {    justify-content: flex-start;      max-width: 250px;          }    #bwg_container1_0 #bwg_container2_0 .bwg-container-0.bwg-standard-thumbnails .bwg-item a {       margin-right: 4px;       margin-bottom: 4px;    }    #bwg_container1_0 #bwg_container2_0 .bwg-container-0.bwg-standard-thumbnails .bwg-item0 {      padding: 0px;            background-color:rgba(0,0,0, 0.30);      border: 0px none #CCCCCC;      opacity: 1.00;      border-radius: 0;      box-shadow: ;    }    #bwg_container1_0 #bwg_container2_0 .bwg-container-0.bwg-standard-thumbnails .bwg-item1 img {      max-height: none;      max-width: none;      padding: 0 !important;    }         @media only screen and (min-width: 480px) {\t\t#bwg_container1_0 #bwg_container2_0 .bwg-container-0.bwg-standard-thumbnails .bwg-item1 img {\t\t\t-webkit-transition: all .3s; transition: all .3s;\t\t}\t\t#bwg_container1_0 #bwg_container2_0 .bwg-container-0.bwg-standard-thumbnails .bwg-item1 img:hover {\t\t\t-ms-transform: scale(1.08);\t\t\t-webkit-transform: scale(1.08);\t\t\ttransform: scale(1.08);\t\t}\t\t      }\t    #bwg_container1_0 #bwg_container2_0 .bwg-container-0.bwg-standard-thumbnails .bwg-item1 {      padding-top: 56%;    }        #bwg_container1_0 #bwg_container2_0 .bwg-container-0.bwg-standard-thumbnails .bwg-title2,    #bwg_container1_0 #bwg_container2_0 .bwg-container-0.bwg-standard-thumbnails .bwg-ecommerce2 {      color: #323A45;      font-family: Ubuntu;      font-size: 16px;      font-weight: bold;      padding: 2px;      text-shadow: ;      max-height: 100%;    }    #bwg_container1_0 #bwg_container2_0 .bwg-container-0.bwg-standard-thumbnails .bwg-thumb-description span {    color: #323A45;    font-family: Ubuntu;    font-size: 12px;    max-height: 100%;    word-wrap: break-word;    }    #bwg_container1_0 #bwg_container2_0 .bwg-container-0.bwg-standard-thumbnails .bwg-play-icon2 {      font-size: 32px;    }    #bwg_container1_0 #bwg_container2_0 .bwg-container-0.bwg-standard-thumbnails .bwg-ecommerce2 {      font-size: 19.2px;      color: #323A45;    }    <\/style>    <div id=\"bwg_container1_0\"         class=\"bwg_container bwg_thumbnail bwg_thumbnails \"         data-right-click-protection=\"0\"         data-bwg=\"0\"         data-scroll=\"0\"         data-gallery-type=\"thumbnails\"         data-gallery-view-type=\"thumbnails\"         data-current-url=\"\/index.php?rest_route=%2Fwp%2Fv2%2Fposts%2F3960\"         data-lightbox-url=\"https:\/\/spwyzne.lapszenizne.pl\/wp-admin\/admin-ajax.php?action=GalleryBox&#038;current_view=0&#038;gallery_id=265&#038;tag=0&#038;theme_id=1&#038;shortcode_id=562&#038;sort_by=order&#038;order_by=asc&#038;current_url=%2Findex.php%3Frest_route%3D%252Fwp%252Fv2%252Fposts%252F3960\"         data-gallery-id=\"265\"         data-popup-width=\"800\"         data-popup-height=\"500\"         data-is-album=\"gallery\"         data-buttons-position=\"bottom\">      <div id=\"bwg_container2_0\">             <div id=\"ajax_loading_0\" class=\"bwg_loading_div_1\">      <div class=\"bwg_loading_div_2\">        <div class=\"bwg_loading_div_3\">          <div id=\"loading_div_0\" class=\"bwg_spider_ajax_loading\">          <\/div>        <\/div>      <\/div>    <\/div>            <form id=\"gal_front_form_0\"              class=\"bwg-hidden\"              method=\"post\"              action=\"#\"              data-current=\"0\"              data-shortcode-id=\"562\"              data-gallery-type=\"thumbnails\"              data-gallery-id=\"265\"              data-tag=\"0\"              data-album-id=\"0\"              data-theme-id=\"1\"              data-ajax-url=\"https:\/\/spwyzne.lapszenizne.pl\/wp-admin\/admin-ajax.php?action=bwg_frontend_data\">          <div id=\"bwg_container3_0\" class=\"bwg-background bwg-background-0\">                <div data-max-count=\"5\"         data-thumbnail-width=\"250\"         data-bwg=\"0\"         data-gallery-id=\"265\"         data-lightbox-url=\"https:\/\/spwyzne.lapszenizne.pl\/wp-admin\/admin-ajax.php?action=GalleryBox&amp;current_view=0&amp;gallery_id=265&amp;tag=0&amp;theme_id=1&amp;shortcode_id=562&amp;sort_by=order&amp;order_by=asc&amp;current_url=%2Findex.php%3Frest_route%3D%252Fwp%252Fv2%252Fposts%252F3960\"         id=\"bwg_thumbnails_0\"         class=\"bwg-container-0 bwg-thumbnails bwg-standard-thumbnails bwg-container bwg-border-box\">            <div class=\"bwg-item\">        <a class=\"bwg-a  bwg_lightbox\"  data-image-id=\"6216\" href=\"https:\/\/spwyzne.lapszenizne.pl\/wp-content\/uploads\/photo-gallery\/HALOWA__MINI_PILKA_NOZNA_KLAS_IV-VI\/Uczniowie-klas-IV-VI-podczas-zawodow-w-Mini-Halowej-Pilce-Noznej-dla-dziewczyn-i-chlopcow-w-Niedzicy-13.jpg?bwg=1666365268\" data-elementor-open-lightbox=\"no\">                <div class=\"bwg-item0 \">          <div class=\"bwg-item1 \">            <div class=\"bwg-item2\">              <img decoding=\"async\" class=\"skip-lazy bwg_standart_thumb_img_0 \"                   data-id=\"6216\"                   data-width=\"500.00\"                   data-height=\"333.00\"                   data-src=\"https:\/\/spwyzne.lapszenizne.pl\/wp-content\/uploads\/photo-gallery\/HALOWA__MINI_PILKA_NOZNA_KLAS_IV-VI\/thumb\/Uczniowie-klas-IV-VI-podczas-zawodow-w-Mini-Halowej-Pilce-Noznej-dla-dziewczyn-i-chlopcow-w-Niedzicy-13.jpg?bwg=1666365268\"                   src=\"https:\/\/spwyzne.lapszenizne.pl\/wp-content\/uploads\/photo-gallery\/HALOWA__MINI_PILKA_NOZNA_KLAS_IV-VI\/thumb\/Uczniowie-klas-IV-VI-podczas-zawodow-w-Mini-Halowej-Pilce-Noznej-dla-dziewczyn-i-chlopcow-w-Niedzicy-13.jpg?bwg=1666365268\"                   alt=\"Uczniowie-klas-IV-VI-podczas-zawodow-w-Mini-Halowej-Pilce-Noznej-dla-dziewczyn-i-chlopcow-w-Niedzicy-13\"                   title=\"Uczniowie-klas-IV-VI-podczas-zawodow-w-Mini-Halowej-Pilce-Noznej-dla-dziewczyn-i-chlopcow-w-Niedzicy-13\" \/>            <\/div>            <div class=\"\">                                                      <\/div>          <\/div>        <\/div>                        <\/a>              <\/div>            <div class=\"bwg-item\">        <a class=\"bwg-a  bwg_lightbox\"  data-image-id=\"6217\" href=\"https:\/\/spwyzne.lapszenizne.pl\/wp-content\/uploads\/photo-gallery\/HALOWA__MINI_PILKA_NOZNA_KLAS_IV-VI\/Uczniowie-klas-IV-VI-podczas-zawodow-w-Mini-Halowej-Pilce-Noznej-dla-dziewczyn-i-chlopcow-w-Niedzicy-12.jpg?bwg=1666365268\" data-elementor-open-lightbox=\"no\">                <div class=\"bwg-item0 \">          <div class=\"bwg-item1 \">            <div class=\"bwg-item2\">              <img decoding=\"async\" class=\"skip-lazy bwg_standart_thumb_img_0 \"                   data-id=\"6217\"                   data-width=\"500.00\"                   data-height=\"333.00\"                   data-src=\"https:\/\/spwyzne.lapszenizne.pl\/wp-content\/uploads\/photo-gallery\/HALOWA__MINI_PILKA_NOZNA_KLAS_IV-VI\/thumb\/Uczniowie-klas-IV-VI-podczas-zawodow-w-Mini-Halowej-Pilce-Noznej-dla-dziewczyn-i-chlopcow-w-Niedzicy-12.jpg?bwg=1666365268\"                   src=\"https:\/\/spwyzne.lapszenizne.pl\/wp-content\/uploads\/photo-gallery\/HALOWA__MINI_PILKA_NOZNA_KLAS_IV-VI\/thumb\/Uczniowie-klas-IV-VI-podczas-zawodow-w-Mini-Halowej-Pilce-Noznej-dla-dziewczyn-i-chlopcow-w-Niedzicy-12.jpg?bwg=1666365268\"                   alt=\"Uczniowie-klas-IV-VI-podczas-zawodow-w-Mini-Halowej-Pilce-Noznej-dla-dziewczyn-i-chlopcow-w-Niedzicy-12\"                   title=\"Uczniowie-klas-IV-VI-podczas-zawodow-w-Mini-Halowej-Pilce-Noznej-dla-dziewczyn-i-chlopcow-w-Niedzicy-12\" \/>            <\/div>            <div class=\"\">                                                      <\/div>          <\/div>        <\/div>                        <\/a>              <\/div>            <div class=\"bwg-item\">        <a class=\"bwg-a  bwg_lightbox\"  data-image-id=\"6218\" href=\"https:\/\/spwyzne.lapszenizne.pl\/wp-content\/uploads\/photo-gallery\/HALOWA__MINI_PILKA_NOZNA_KLAS_IV-VI\/Uczniowie-klas-IV-VI-podczas-zawodow-w-Mini-Halowej-Pilce-Noznej-dla-dziewczyn-i-chlopcow-w-Niedzicy-10.jpg?bwg=1666365268\" data-elementor-open-lightbox=\"no\">                <div class=\"bwg-item0 \">          <div class=\"bwg-item1 \">            <div class=\"bwg-item2\">              <img decoding=\"async\" class=\"skip-lazy bwg_standart_thumb_img_0 \"                   data-id=\"6218\"                   data-width=\"500.00\"                   data-height=\"333.00\"                   data-src=\"https:\/\/spwyzne.lapszenizne.pl\/wp-content\/uploads\/photo-gallery\/HALOWA__MINI_PILKA_NOZNA_KLAS_IV-VI\/thumb\/Uczniowie-klas-IV-VI-podczas-zawodow-w-Mini-Halowej-Pilce-Noznej-dla-dziewczyn-i-chlopcow-w-Niedzicy-10.jpg?bwg=1666365268\"                   src=\"https:\/\/spwyzne.lapszenizne.pl\/wp-content\/uploads\/photo-gallery\/HALOWA__MINI_PILKA_NOZNA_KLAS_IV-VI\/thumb\/Uczniowie-klas-IV-VI-podczas-zawodow-w-Mini-Halowej-Pilce-Noznej-dla-dziewczyn-i-chlopcow-w-Niedzicy-10.jpg?bwg=1666365268\"                   alt=\"Uczniowie-klas-IV-VI-podczas-zawodow-w-Mini-Halowej-Pilce-Noznej-dla-dziewczyn-i-chlopcow-w-Niedzicy-10\"                   title=\"Uczniowie-klas-IV-VI-podczas-zawodow-w-Mini-Halowej-Pilce-Noznej-dla-dziewczyn-i-chlopcow-w-Niedzicy-10\" \/>            <\/div>            <div class=\"\">                                                      <\/div>          <\/div>        <\/div>                        <\/a>              <\/div>            <div class=\"bwg-item\">        <a class=\"bwg-a  bwg_lightbox\"  data-image-id=\"6219\" href=\"https:\/\/spwyzne.lapszenizne.pl\/wp-content\/uploads\/photo-gallery\/HALOWA__MINI_PILKA_NOZNA_KLAS_IV-VI\/Uczniowie-klas-IV-VI-podczas-zawodow-w-Mini-Halowej-Pilce-Noznej-dla-dziewczyn-i-chlopcow-w-Niedzicy-11.jpg?bwg=1666365268\" data-elementor-open-lightbox=\"no\">                <div class=\"bwg-item0 \">          <div class=\"bwg-item1 \">            <div class=\"bwg-item2\">              <img decoding=\"async\" class=\"skip-lazy bwg_standart_thumb_img_0 \"                   data-id=\"6219\"                   data-width=\"500.00\"                   data-height=\"333.00\"                   data-src=\"https:\/\/spwyzne.lapszenizne.pl\/wp-content\/uploads\/photo-gallery\/HALOWA__MINI_PILKA_NOZNA_KLAS_IV-VI\/thumb\/Uczniowie-klas-IV-VI-podczas-zawodow-w-Mini-Halowej-Pilce-Noznej-dla-dziewczyn-i-chlopcow-w-Niedzicy-11.jpg?bwg=1666365268\"                   src=\"https:\/\/spwyzne.lapszenizne.pl\/wp-content\/uploads\/photo-gallery\/HALOWA__MINI_PILKA_NOZNA_KLAS_IV-VI\/thumb\/Uczniowie-klas-IV-VI-podczas-zawodow-w-Mini-Halowej-Pilce-Noznej-dla-dziewczyn-i-chlopcow-w-Niedzicy-11.jpg?bwg=1666365268\"                   alt=\"Uczniowie-klas-IV-VI-podczas-zawodow-w-Mini-Halowej-Pilce-Noznej-dla-dziewczyn-i-chlopcow-w-Niedzicy-11\"                   title=\"Uczniowie-klas-IV-VI-podczas-zawodow-w-Mini-Halowej-Pilce-Noznej-dla-dziewczyn-i-chlopcow-w-Niedzicy-11\" \/>            <\/div>            <div class=\"\">                                                      <\/div>          <\/div>        <\/div>                        <\/a>              <\/div>            <div class=\"bwg-item\">        <a class=\"bwg-a  bwg_lightbox\"  data-image-id=\"6220\" href=\"https:\/\/spwyzne.lapszenizne.pl\/wp-content\/uploads\/photo-gallery\/HALOWA__MINI_PILKA_NOZNA_KLAS_IV-VI\/Uczniowie-klas-IV-VI-podczas-zawodow-w-Mini-Halowej-Pilce-Noznej-dla-dziewczyn-i-chlopcow-w-Niedzicy-14.jpg?bwg=1666365268\" data-elementor-open-lightbox=\"no\">                <div class=\"bwg-item0 \">          <div class=\"bwg-item1 \">            <div class=\"bwg-item2\">              <img decoding=\"async\" class=\"skip-lazy bwg_standart_thumb_img_0 \"                   data-id=\"6220\"                   data-width=\"500.00\"                   data-height=\"333.00\"                   data-src=\"https:\/\/spwyzne.lapszenizne.pl\/wp-content\/uploads\/photo-gallery\/HALOWA__MINI_PILKA_NOZNA_KLAS_IV-VI\/thumb\/Uczniowie-klas-IV-VI-podczas-zawodow-w-Mini-Halowej-Pilce-Noznej-dla-dziewczyn-i-chlopcow-w-Niedzicy-14.jpg?bwg=1666365268\"                   src=\"https:\/\/spwyzne.lapszenizne.pl\/wp-content\/uploads\/photo-gallery\/HALOWA__MINI_PILKA_NOZNA_KLAS_IV-VI\/thumb\/Uczniowie-klas-IV-VI-podczas-zawodow-w-Mini-Halowej-Pilce-Noznej-dla-dziewczyn-i-chlopcow-w-Niedzicy-14.jpg?bwg=1666365268\"                   alt=\"Uczniowie-klas-IV-VI-podczas-zawodow-w-Mini-Halowej-Pilce-Noznej-dla-dziewczyn-i-chlopcow-w-Niedzicy-14\"                   title=\"Uczniowie-klas-IV-VI-podczas-zawodow-w-Mini-Halowej-Pilce-Noznej-dla-dziewczyn-i-chlopcow-w-Niedzicy-14\" \/>            <\/div>            <div class=\"\">                                                      <\/div>          <\/div>        <\/div>                        <\/a>              <\/div>            <div class=\"bwg-item\">        <a class=\"bwg-a  bwg_lightbox\"  data-image-id=\"6221\" href=\"https:\/\/spwyzne.lapszenizne.pl\/wp-content\/uploads\/photo-gallery\/HALOWA__MINI_PILKA_NOZNA_KLAS_IV-VI\/Uczniowie-klas-IV-VI-podczas-zawodow-w-Mini-Halowej-Pilce-Noznej-dla-dziewczyn-i-chlopcow-w-Niedzicy-17.jpg?bwg=1666365268\" data-elementor-open-lightbox=\"no\">                <div class=\"bwg-item0 \">          <div class=\"bwg-item1 \">            <div class=\"bwg-item2\">              <img decoding=\"async\" class=\"skip-lazy bwg_standart_thumb_img_0 \"                   data-id=\"6221\"                   data-width=\"500.00\"                   data-height=\"333.00\"                   data-src=\"https:\/\/spwyzne.lapszenizne.pl\/wp-content\/uploads\/photo-gallery\/HALOWA__MINI_PILKA_NOZNA_KLAS_IV-VI\/thumb\/Uczniowie-klas-IV-VI-podczas-zawodow-w-Mini-Halowej-Pilce-Noznej-dla-dziewczyn-i-chlopcow-w-Niedzicy-17.jpg?bwg=1666365268\"                   src=\"https:\/\/spwyzne.lapszenizne.pl\/wp-content\/uploads\/photo-gallery\/HALOWA__MINI_PILKA_NOZNA_KLAS_IV-VI\/thumb\/Uczniowie-klas-IV-VI-podczas-zawodow-w-Mini-Halowej-Pilce-Noznej-dla-dziewczyn-i-chlopcow-w-Niedzicy-17.jpg?bwg=1666365268\"                   alt=\"Uczniowie-klas-IV-VI-podczas-zawodow-w-Mini-Halowej-Pilce-Noznej-dla-dziewczyn-i-chlopcow-w-Niedzicy-17\"                   title=\"Uczniowie-klas-IV-VI-podczas-zawodow-w-Mini-Halowej-Pilce-Noznej-dla-dziewczyn-i-chlopcow-w-Niedzicy-17\" \/>            <\/div>            <div class=\"\">                                                      <\/div>          <\/div>        <\/div>                        <\/a>              <\/div>            <div class=\"bwg-item\">        <a class=\"bwg-a  bwg_lightbox\"  data-image-id=\"6222\" href=\"https:\/\/spwyzne.lapszenizne.pl\/wp-content\/uploads\/photo-gallery\/HALOWA__MINI_PILKA_NOZNA_KLAS_IV-VI\/Uczniowie-klas-IV-VI-podczas-zawodow-w-Mini-Halowej-Pilce-Noznej-dla-dziewczyn-i-chlopcow-w-Niedzicy-15.jpg?bwg=1666365268\" data-elementor-open-lightbox=\"no\">                <div class=\"bwg-item0 \">          <div class=\"bwg-item1 \">            <div class=\"bwg-item2\">              <img decoding=\"async\" class=\"skip-lazy bwg_standart_thumb_img_0 \"                   data-id=\"6222\"                   data-width=\"500.00\"                   data-height=\"333.00\"                   data-src=\"https:\/\/spwyzne.lapszenizne.pl\/wp-content\/uploads\/photo-gallery\/HALOWA__MINI_PILKA_NOZNA_KLAS_IV-VI\/thumb\/Uczniowie-klas-IV-VI-podczas-zawodow-w-Mini-Halowej-Pilce-Noznej-dla-dziewczyn-i-chlopcow-w-Niedzicy-15.jpg?bwg=1666365268\"                   src=\"https:\/\/spwyzne.lapszenizne.pl\/wp-content\/uploads\/photo-gallery\/HALOWA__MINI_PILKA_NOZNA_KLAS_IV-VI\/thumb\/Uczniowie-klas-IV-VI-podczas-zawodow-w-Mini-Halowej-Pilce-Noznej-dla-dziewczyn-i-chlopcow-w-Niedzicy-15.jpg?bwg=1666365268\"                   alt=\"Uczniowie-klas-IV-VI-podczas-zawodow-w-Mini-Halowej-Pilce-Noznej-dla-dziewczyn-i-chlopcow-w-Niedzicy-15\"                   title=\"Uczniowie-klas-IV-VI-podczas-zawodow-w-Mini-Halowej-Pilce-Noznej-dla-dziewczyn-i-chlopcow-w-Niedzicy-15\" \/>            <\/div>            <div class=\"\">                                                      <\/div>          <\/div>        <\/div>                        <\/a>              <\/div>            <div class=\"bwg-item\">        <a class=\"bwg-a  bwg_lightbox\"  data-image-id=\"6223\" href=\"https:\/\/spwyzne.lapszenizne.pl\/wp-content\/uploads\/photo-gallery\/HALOWA__MINI_PILKA_NOZNA_KLAS_IV-VI\/Uczniowie-klas-IV-VI-podczas-zawodow-w-Mini-Halowej-Pilce-Noznej-dla-dziewczyn-i-chlopcow-w-Niedzicy-19.jpg?bwg=1666365268\" data-elementor-open-lightbox=\"no\">                <div class=\"bwg-item0 \">          <div class=\"bwg-item1 \">            <div class=\"bwg-item2\">              <img decoding=\"async\" class=\"skip-lazy bwg_standart_thumb_img_0 \"                   data-id=\"6223\"                   data-width=\"500.00\"                   data-height=\"333.00\"                   data-src=\"https:\/\/spwyzne.lapszenizne.pl\/wp-content\/uploads\/photo-gallery\/HALOWA__MINI_PILKA_NOZNA_KLAS_IV-VI\/thumb\/Uczniowie-klas-IV-VI-podczas-zawodow-w-Mini-Halowej-Pilce-Noznej-dla-dziewczyn-i-chlopcow-w-Niedzicy-19.jpg?bwg=1666365268\"                   src=\"https:\/\/spwyzne.lapszenizne.pl\/wp-content\/uploads\/photo-gallery\/HALOWA__MINI_PILKA_NOZNA_KLAS_IV-VI\/thumb\/Uczniowie-klas-IV-VI-podczas-zawodow-w-Mini-Halowej-Pilce-Noznej-dla-dziewczyn-i-chlopcow-w-Niedzicy-19.jpg?bwg=1666365268\"                   alt=\"Uczniowie-klas-IV-VI-podczas-zawodow-w-Mini-Halowej-Pilce-Noznej-dla-dziewczyn-i-chlopcow-w-Niedzicy-19\"                   title=\"Uczniowie-klas-IV-VI-podczas-zawodow-w-Mini-Halowej-Pilce-Noznej-dla-dziewczyn-i-chlopcow-w-Niedzicy-19\" \/>            <\/div>            <div class=\"\">                                                      <\/div>          <\/div>        <\/div>                        <\/a>              <\/div>            <div class=\"bwg-item\">        <a class=\"bwg-a  bwg_lightbox\"  data-image-id=\"6224\" href=\"https:\/\/spwyzne.lapszenizne.pl\/wp-content\/uploads\/photo-gallery\/HALOWA__MINI_PILKA_NOZNA_KLAS_IV-VI\/Uczniowie-klas-IV-VI-podczas-zawodow-w-Mini-Halowej-Pilce-Noznej-dla-dziewczyn-i-chlopcow-w-Niedzicy-18.jpg?bwg=1666365268\" data-elementor-open-lightbox=\"no\">                <div class=\"bwg-item0 \">          <div class=\"bwg-item1 \">            <div class=\"bwg-item2\">              <img decoding=\"async\" class=\"skip-lazy bwg_standart_thumb_img_0 \"                   data-id=\"6224\"                   data-width=\"500.00\"                   data-height=\"333.00\"                   data-src=\"https:\/\/spwyzne.lapszenizne.pl\/wp-content\/uploads\/photo-gallery\/HALOWA__MINI_PILKA_NOZNA_KLAS_IV-VI\/thumb\/Uczniowie-klas-IV-VI-podczas-zawodow-w-Mini-Halowej-Pilce-Noznej-dla-dziewczyn-i-chlopcow-w-Niedzicy-18.jpg?bwg=1666365268\"                   src=\"https:\/\/spwyzne.lapszenizne.pl\/wp-content\/uploads\/photo-gallery\/HALOWA__MINI_PILKA_NOZNA_KLAS_IV-VI\/thumb\/Uczniowie-klas-IV-VI-podczas-zawodow-w-Mini-Halowej-Pilce-Noznej-dla-dziewczyn-i-chlopcow-w-Niedzicy-18.jpg?bwg=1666365268\"                   alt=\"Uczniowie-klas-IV-VI-podczas-zawodow-w-Mini-Halowej-Pilce-Noznej-dla-dziewczyn-i-chlopcow-w-Niedzicy-18\"                   title=\"Uczniowie-klas-IV-VI-podczas-zawodow-w-Mini-Halowej-Pilce-Noznej-dla-dziewczyn-i-chlopcow-w-Niedzicy-18\" \/>            <\/div>            <div class=\"\">                                                      <\/div>          <\/div>        <\/div>                        <\/a>              <\/div>            <div class=\"bwg-item\">        <a class=\"bwg-a  bwg_lightbox\"  data-image-id=\"6225\" href=\"https:\/\/spwyzne.lapszenizne.pl\/wp-content\/uploads\/photo-gallery\/HALOWA__MINI_PILKA_NOZNA_KLAS_IV-VI\/Uczniowie-klas-IV-VI-podczas-zawodow-w-Mini-Halowej-Pilce-Noznej-dla-dziewczyn-i-chlopcow-w-Niedzicy-16.jpg?bwg=1666365268\" data-elementor-open-lightbox=\"no\">                <div class=\"bwg-item0 \">          <div class=\"bwg-item1 \">            <div class=\"bwg-item2\">              <img decoding=\"async\" class=\"skip-lazy bwg_standart_thumb_img_0 \"                   data-id=\"6225\"                   data-width=\"500.00\"                   data-height=\"333.00\"                   data-src=\"https:\/\/spwyzne.lapszenizne.pl\/wp-content\/uploads\/photo-gallery\/HALOWA__MINI_PILKA_NOZNA_KLAS_IV-VI\/thumb\/Uczniowie-klas-IV-VI-podczas-zawodow-w-Mini-Halowej-Pilce-Noznej-dla-dziewczyn-i-chlopcow-w-Niedzicy-16.jpg?bwg=1666365268\"                   src=\"https:\/\/spwyzne.lapszenizne.pl\/wp-content\/uploads\/photo-gallery\/HALOWA__MINI_PILKA_NOZNA_KLAS_IV-VI\/thumb\/Uczniowie-klas-IV-VI-podczas-zawodow-w-Mini-Halowej-Pilce-Noznej-dla-dziewczyn-i-chlopcow-w-Niedzicy-16.jpg?bwg=1666365268\"                   alt=\"Uczniowie-klas-IV-VI-podczas-zawodow-w-Mini-Halowej-Pilce-Noznej-dla-dziewczyn-i-chlopcow-w-Niedzicy-16\"                   title=\"Uczniowie-klas-IV-VI-podczas-zawodow-w-Mini-Halowej-Pilce-Noznej-dla-dziewczyn-i-chlopcow-w-Niedzicy-16\" \/>            <\/div>            <div class=\"\">                                                      <\/div>          <\/div>        <\/div>                        <\/a>              <\/div>            <div class=\"bwg-item\">        <a class=\"bwg-a  bwg_lightbox\"  data-image-id=\"6226\" href=\"https:\/\/spwyzne.lapszenizne.pl\/wp-content\/uploads\/photo-gallery\/HALOWA__MINI_PILKA_NOZNA_KLAS_IV-VI\/Uczniowie-klas-IV-VI-podczas-zawodow-w-Mini-Halowej-Pilce-Noznej-dla-dziewczyn-i-chlopcow-w-Niedzicy-23.jpg?bwg=1666365268\" data-elementor-open-lightbox=\"no\">                <div class=\"bwg-item0 \">          <div class=\"bwg-item1 \">            <div class=\"bwg-item2\">              <img decoding=\"async\" class=\"skip-lazy bwg_standart_thumb_img_0 \"                   data-id=\"6226\"                   data-width=\"500.00\"                   data-height=\"333.00\"                   data-src=\"https:\/\/spwyzne.lapszenizne.pl\/wp-content\/uploads\/photo-gallery\/HALOWA__MINI_PILKA_NOZNA_KLAS_IV-VI\/thumb\/Uczniowie-klas-IV-VI-podczas-zawodow-w-Mini-Halowej-Pilce-Noznej-dla-dziewczyn-i-chlopcow-w-Niedzicy-23.jpg?bwg=1666365268\"                   src=\"https:\/\/spwyzne.lapszenizne.pl\/wp-content\/uploads\/photo-gallery\/HALOWA__MINI_PILKA_NOZNA_KLAS_IV-VI\/thumb\/Uczniowie-klas-IV-VI-podczas-zawodow-w-Mini-Halowej-Pilce-Noznej-dla-dziewczyn-i-chlopcow-w-Niedzicy-23.jpg?bwg=1666365268\"                   alt=\"Uczniowie-klas-IV-VI-podczas-zawodow-w-Mini-Halowej-Pilce-Noznej-dla-dziewczyn-i-chlopcow-w-Niedzicy-23\"                   title=\"Uczniowie-klas-IV-VI-podczas-zawodow-w-Mini-Halowej-Pilce-Noznej-dla-dziewczyn-i-chlopcow-w-Niedzicy-23\" \/>            <\/div>            <div class=\"\">                                                      <\/div>          <\/div>        <\/div>                        <\/a>              <\/div>            <div class=\"bwg-item\">        <a class=\"bwg-a  bwg_lightbox\"  data-image-id=\"6227\" href=\"https:\/\/spwyzne.lapszenizne.pl\/wp-content\/uploads\/photo-gallery\/HALOWA__MINI_PILKA_NOZNA_KLAS_IV-VI\/Uczniowie-klas-IV-VI-podczas-zawodow-w-Mini-Halowej-Pilce-Noznej-dla-dziewczyn-i-chlopcow-w-Niedzicy-22.jpg?bwg=1666365268\" data-elementor-open-lightbox=\"no\">                <div class=\"bwg-item0 \">          <div class=\"bwg-item1 \">            <div class=\"bwg-item2\">              <img decoding=\"async\" class=\"skip-lazy bwg_standart_thumb_img_0 \"                   data-id=\"6227\"                   data-width=\"500.00\"                   data-height=\"333.00\"                   data-src=\"https:\/\/spwyzne.lapszenizne.pl\/wp-content\/uploads\/photo-gallery\/HALOWA__MINI_PILKA_NOZNA_KLAS_IV-VI\/thumb\/Uczniowie-klas-IV-VI-podczas-zawodow-w-Mini-Halowej-Pilce-Noznej-dla-dziewczyn-i-chlopcow-w-Niedzicy-22.jpg?bwg=1666365268\"                   src=\"https:\/\/spwyzne.lapszenizne.pl\/wp-content\/uploads\/photo-gallery\/HALOWA__MINI_PILKA_NOZNA_KLAS_IV-VI\/thumb\/Uczniowie-klas-IV-VI-podczas-zawodow-w-Mini-Halowej-Pilce-Noznej-dla-dziewczyn-i-chlopcow-w-Niedzicy-22.jpg?bwg=1666365268\"                   alt=\"Uczniowie-klas-IV-VI-podczas-zawodow-w-Mini-Halowej-Pilce-Noznej-dla-dziewczyn-i-chlopcow-w-Niedzicy-22\"                   title=\"Uczniowie-klas-IV-VI-podczas-zawodow-w-Mini-Halowej-Pilce-Noznej-dla-dziewczyn-i-chlopcow-w-Niedzicy-22\" \/>            <\/div>            <div class=\"\">                                                      <\/div>          <\/div>        <\/div>                        <\/a>              <\/div>            <div class=\"bwg-item\">        <a class=\"bwg-a  bwg_lightbox\"  data-image-id=\"6228\" href=\"https:\/\/spwyzne.lapszenizne.pl\/wp-content\/uploads\/photo-gallery\/HALOWA__MINI_PILKA_NOZNA_KLAS_IV-VI\/Uczniowie-klas-IV-VI-podczas-zawodow-w-Mini-Halowej-Pilce-Noznej-dla-dziewczyn-i-chlopcow-w-Niedzicy-21.jpg?bwg=1666365268\" data-elementor-open-lightbox=\"no\">                <div class=\"bwg-item0 \">          <div class=\"bwg-item1 \">            <div class=\"bwg-item2\">              <img decoding=\"async\" class=\"skip-lazy bwg_standart_thumb_img_0 \"                   data-id=\"6228\"                   data-width=\"500.00\"                   data-height=\"333.00\"                   data-src=\"https:\/\/spwyzne.lapszenizne.pl\/wp-content\/uploads\/photo-gallery\/HALOWA__MINI_PILKA_NOZNA_KLAS_IV-VI\/thumb\/Uczniowie-klas-IV-VI-podczas-zawodow-w-Mini-Halowej-Pilce-Noznej-dla-dziewczyn-i-chlopcow-w-Niedzicy-21.jpg?bwg=1666365268\"                   src=\"https:\/\/spwyzne.lapszenizne.pl\/wp-content\/uploads\/photo-gallery\/HALOWA__MINI_PILKA_NOZNA_KLAS_IV-VI\/thumb\/Uczniowie-klas-IV-VI-podczas-zawodow-w-Mini-Halowej-Pilce-Noznej-dla-dziewczyn-i-chlopcow-w-Niedzicy-21.jpg?bwg=1666365268\"                   alt=\"Uczniowie-klas-IV-VI-podczas-zawodow-w-Mini-Halowej-Pilce-Noznej-dla-dziewczyn-i-chlopcow-w-Niedzicy-21\"                   title=\"Uczniowie-klas-IV-VI-podczas-zawodow-w-Mini-Halowej-Pilce-Noznej-dla-dziewczyn-i-chlopcow-w-Niedzicy-21\" \/>            <\/div>            <div class=\"\">                                                      <\/div>          <\/div>        <\/div>                        <\/a>              <\/div>            <div class=\"bwg-item\">        <a class=\"bwg-a  bwg_lightbox\"  data-image-id=\"6229\" href=\"https:\/\/spwyzne.lapszenizne.pl\/wp-content\/uploads\/photo-gallery\/HALOWA__MINI_PILKA_NOZNA_KLAS_IV-VI\/Uczniowie-klas-IV-VI-podczas-zawodow-w-Mini-Halowej-Pilce-Noznej-dla-dziewczyn-i-chlopcow-w-Niedzicy-20.jpg?bwg=1666365268\" data-elementor-open-lightbox=\"no\">                <div class=\"bwg-item0 \">          <div class=\"bwg-item1 \">            <div class=\"bwg-item2\">              <img decoding=\"async\" class=\"skip-lazy bwg_standart_thumb_img_0 \"                   data-id=\"6229\"                   data-width=\"500.00\"                   data-height=\"333.00\"                   data-src=\"https:\/\/spwyzne.lapszenizne.pl\/wp-content\/uploads\/photo-gallery\/HALOWA__MINI_PILKA_NOZNA_KLAS_IV-VI\/thumb\/Uczniowie-klas-IV-VI-podczas-zawodow-w-Mini-Halowej-Pilce-Noznej-dla-dziewczyn-i-chlopcow-w-Niedzicy-20.jpg?bwg=1666365268\"                   src=\"https:\/\/spwyzne.lapszenizne.pl\/wp-content\/uploads\/photo-gallery\/HALOWA__MINI_PILKA_NOZNA_KLAS_IV-VI\/thumb\/Uczniowie-klas-IV-VI-podczas-zawodow-w-Mini-Halowej-Pilce-Noznej-dla-dziewczyn-i-chlopcow-w-Niedzicy-20.jpg?bwg=1666365268\"                   alt=\"Uczniowie-klas-IV-VI-podczas-zawodow-w-Mini-Halowej-Pilce-Noznej-dla-dziewczyn-i-chlopcow-w-Niedzicy-20\"                   title=\"Uczniowie-klas-IV-VI-podczas-zawodow-w-Mini-Halowej-Pilce-Noznej-dla-dziewczyn-i-chlopcow-w-Niedzicy-20\" \/>            <\/div>            <div class=\"\">                                                      <\/div>          <\/div>        <\/div>                        <\/a>              <\/div>            <div class=\"bwg-item\">        <a class=\"bwg-a  bwg_lightbox\"  data-image-id=\"6230\" href=\"https:\/\/spwyzne.lapszenizne.pl\/wp-content\/uploads\/photo-gallery\/HALOWA__MINI_PILKA_NOZNA_KLAS_IV-VI\/Uczniowie-klas-IV-VI-podczas-zawodow-w-Mini-Halowej-Pilce-Noznej-dla-dziewczyn-i-chlopcow-w-Niedzicy-24.jpg?bwg=1666365268\" data-elementor-open-lightbox=\"no\">                <div class=\"bwg-item0 \">          <div class=\"bwg-item1 \">            <div class=\"bwg-item2\">              <img decoding=\"async\" class=\"skip-lazy bwg_standart_thumb_img_0 \"                   data-id=\"6230\"                   data-width=\"500.00\"                   data-height=\"333.00\"                   data-src=\"https:\/\/spwyzne.lapszenizne.pl\/wp-content\/uploads\/photo-gallery\/HALOWA__MINI_PILKA_NOZNA_KLAS_IV-VI\/thumb\/Uczniowie-klas-IV-VI-podczas-zawodow-w-Mini-Halowej-Pilce-Noznej-dla-dziewczyn-i-chlopcow-w-Niedzicy-24.jpg?bwg=1666365268\"                   src=\"https:\/\/spwyzne.lapszenizne.pl\/wp-content\/uploads\/photo-gallery\/HALOWA__MINI_PILKA_NOZNA_KLAS_IV-VI\/thumb\/Uczniowie-klas-IV-VI-podczas-zawodow-w-Mini-Halowej-Pilce-Noznej-dla-dziewczyn-i-chlopcow-w-Niedzicy-24.jpg?bwg=1666365268\"                   alt=\"Uczniowie-klas-IV-VI-podczas-zawodow-w-Mini-Halowej-Pilce-Noznej-dla-dziewczyn-i-chlopcow-w-Niedzicy-24\"                   title=\"Uczniowie-klas-IV-VI-podczas-zawodow-w-Mini-Halowej-Pilce-Noznej-dla-dziewczyn-i-chlopcow-w-Niedzicy-24\" \/>            <\/div>            <div class=\"\">                                                      <\/div>          <\/div>        <\/div>                        <\/a>              <\/div>            <div class=\"bwg-item\">        <a class=\"bwg-a  bwg_lightbox\"  data-image-id=\"6231\" href=\"https:\/\/spwyzne.lapszenizne.pl\/wp-content\/uploads\/photo-gallery\/HALOWA__MINI_PILKA_NOZNA_KLAS_IV-VI\/Uczniowie-klas-IV-VI-podczas-zawodow-w-Mini-Halowej-Pilce-Noznej-dla-dziewczyn-i-chlopcow-w-Niedzicy-27.jpg?bwg=1666365268\" data-elementor-open-lightbox=\"no\">                <div class=\"bwg-item0 \">          <div class=\"bwg-item1 \">            <div class=\"bwg-item2\">              <img decoding=\"async\" class=\"skip-lazy bwg_standart_thumb_img_0 \"                   data-id=\"6231\"                   data-width=\"500.00\"                   data-height=\"333.00\"                   data-src=\"https:\/\/spwyzne.lapszenizne.pl\/wp-content\/uploads\/photo-gallery\/HALOWA__MINI_PILKA_NOZNA_KLAS_IV-VI\/thumb\/Uczniowie-klas-IV-VI-podczas-zawodow-w-Mini-Halowej-Pilce-Noznej-dla-dziewczyn-i-chlopcow-w-Niedzicy-27.jpg?bwg=1666365268\"                   src=\"https:\/\/spwyzne.lapszenizne.pl\/wp-content\/uploads\/photo-gallery\/HALOWA__MINI_PILKA_NOZNA_KLAS_IV-VI\/thumb\/Uczniowie-klas-IV-VI-podczas-zawodow-w-Mini-Halowej-Pilce-Noznej-dla-dziewczyn-i-chlopcow-w-Niedzicy-27.jpg?bwg=1666365268\"                   alt=\"Uczniowie-klas-IV-VI-podczas-zawodow-w-Mini-Halowej-Pilce-Noznej-dla-dziewczyn-i-chlopcow-w-Niedzicy-27\"                   title=\"Uczniowie-klas-IV-VI-podczas-zawodow-w-Mini-Halowej-Pilce-Noznej-dla-dziewczyn-i-chlopcow-w-Niedzicy-27\" \/>            <\/div>            <div class=\"\">                                                      <\/div>          <\/div>        <\/div>                        <\/a>              <\/div>            <div class=\"bwg-item\">        <a class=\"bwg-a  bwg_lightbox\"  data-image-id=\"6232\" href=\"https:\/\/spwyzne.lapszenizne.pl\/wp-content\/uploads\/photo-gallery\/HALOWA__MINI_PILKA_NOZNA_KLAS_IV-VI\/Uczniowie-klas-IV-VI-podczas-zawodow-w-Mini-Halowej-Pilce-Noznej-dla-dziewczyn-i-chlopcow-w-Niedzicy-25.jpg?bwg=1666365268\" data-elementor-open-lightbox=\"no\">                <div class=\"bwg-item0 \">          <div class=\"bwg-item1 \">            <div class=\"bwg-item2\">              <img decoding=\"async\" class=\"skip-lazy bwg_standart_thumb_img_0 \"                   data-id=\"6232\"                   data-width=\"500.00\"                   data-height=\"333.00\"                   data-src=\"https:\/\/spwyzne.lapszenizne.pl\/wp-content\/uploads\/photo-gallery\/HALOWA__MINI_PILKA_NOZNA_KLAS_IV-VI\/thumb\/Uczniowie-klas-IV-VI-podczas-zawodow-w-Mini-Halowej-Pilce-Noznej-dla-dziewczyn-i-chlopcow-w-Niedzicy-25.jpg?bwg=1666365268\"                   src=\"https:\/\/spwyzne.lapszenizne.pl\/wp-content\/uploads\/photo-gallery\/HALOWA__MINI_PILKA_NOZNA_KLAS_IV-VI\/thumb\/Uczniowie-klas-IV-VI-podczas-zawodow-w-Mini-Halowej-Pilce-Noznej-dla-dziewczyn-i-chlopcow-w-Niedzicy-25.jpg?bwg=1666365268\"                   alt=\"Uczniowie-klas-IV-VI-podczas-zawodow-w-Mini-Halowej-Pilce-Noznej-dla-dziewczyn-i-chlopcow-w-Niedzicy-25\"                   title=\"Uczniowie-klas-IV-VI-podczas-zawodow-w-Mini-Halowej-Pilce-Noznej-dla-dziewczyn-i-chlopcow-w-Niedzicy-25\" \/>            <\/div>            <div class=\"\">                                                      <\/div>          <\/div>        <\/div>                        <\/a>              <\/div>            <div class=\"bwg-item\">        <a class=\"bwg-a  bwg_lightbox\"  data-image-id=\"6233\" href=\"https:\/\/spwyzne.lapszenizne.pl\/wp-content\/uploads\/photo-gallery\/HALOWA__MINI_PILKA_NOZNA_KLAS_IV-VI\/Uczniowie-klas-IV-VI-podczas-zawodow-w-Mini-Halowej-Pilce-Noznej-dla-dziewczyn-i-chlopcow-w-Niedzicy-29.jpg?bwg=1666365268\" data-elementor-open-lightbox=\"no\">                <div class=\"bwg-item0 \">          <div class=\"bwg-item1 \">            <div class=\"bwg-item2\">              <img decoding=\"async\" class=\"skip-lazy bwg_standart_thumb_img_0 \"                   data-id=\"6233\"                   data-width=\"500.00\"                   data-height=\"333.00\"                   data-src=\"https:\/\/spwyzne.lapszenizne.pl\/wp-content\/uploads\/photo-gallery\/HALOWA__MINI_PILKA_NOZNA_KLAS_IV-VI\/thumb\/Uczniowie-klas-IV-VI-podczas-zawodow-w-Mini-Halowej-Pilce-Noznej-dla-dziewczyn-i-chlopcow-w-Niedzicy-29.jpg?bwg=1666365268\"                   src=\"https:\/\/spwyzne.lapszenizne.pl\/wp-content\/uploads\/photo-gallery\/HALOWA__MINI_PILKA_NOZNA_KLAS_IV-VI\/thumb\/Uczniowie-klas-IV-VI-podczas-zawodow-w-Mini-Halowej-Pilce-Noznej-dla-dziewczyn-i-chlopcow-w-Niedzicy-29.jpg?bwg=1666365268\"                   alt=\"Uczniowie-klas-IV-VI-podczas-zawodow-w-Mini-Halowej-Pilce-Noznej-dla-dziewczyn-i-chlopcow-w-Niedzicy-29\"                   title=\"Uczniowie-klas-IV-VI-podczas-zawodow-w-Mini-Halowej-Pilce-Noznej-dla-dziewczyn-i-chlopcow-w-Niedzicy-29\" \/>            <\/div>            <div class=\"\">                                                      <\/div>          <\/div>        <\/div>                        <\/a>              <\/div>            <div class=\"bwg-item\">        <a class=\"bwg-a  bwg_lightbox\"  data-image-id=\"6234\" href=\"https:\/\/spwyzne.lapszenizne.pl\/wp-content\/uploads\/photo-gallery\/HALOWA__MINI_PILKA_NOZNA_KLAS_IV-VI\/Uczniowie-klas-IV-VI-podczas-zawodow-w-Mini-Halowej-Pilce-Noznej-dla-dziewczyn-i-chlopcow-w-Niedzicy-26.jpg?bwg=1666365268\" data-elementor-open-lightbox=\"no\">                <div class=\"bwg-item0 \">          <div class=\"bwg-item1 \">            <div class=\"bwg-item2\">              <img decoding=\"async\" class=\"skip-lazy bwg_standart_thumb_img_0 \"                   data-id=\"6234\"                   data-width=\"500.00\"                   data-height=\"333.00\"                   data-src=\"https:\/\/spwyzne.lapszenizne.pl\/wp-content\/uploads\/photo-gallery\/HALOWA__MINI_PILKA_NOZNA_KLAS_IV-VI\/thumb\/Uczniowie-klas-IV-VI-podczas-zawodow-w-Mini-Halowej-Pilce-Noznej-dla-dziewczyn-i-chlopcow-w-Niedzicy-26.jpg?bwg=1666365268\"                   src=\"https:\/\/spwyzne.lapszenizne.pl\/wp-content\/uploads\/photo-gallery\/HALOWA__MINI_PILKA_NOZNA_KLAS_IV-VI\/thumb\/Uczniowie-klas-IV-VI-podczas-zawodow-w-Mini-Halowej-Pilce-Noznej-dla-dziewczyn-i-chlopcow-w-Niedzicy-26.jpg?bwg=1666365268\"                   alt=\"Uczniowie-klas-IV-VI-podczas-zawodow-w-Mini-Halowej-Pilce-Noznej-dla-dziewczyn-i-chlopcow-w-Niedzicy-26\"                   title=\"Uczniowie-klas-IV-VI-podczas-zawodow-w-Mini-Halowej-Pilce-Noznej-dla-dziewczyn-i-chlopcow-w-Niedzicy-26\" \/>            <\/div>            <div class=\"\">                                                      <\/div>          <\/div>        <\/div>                        <\/a>              <\/div>            <div class=\"bwg-item\">        <a class=\"bwg-a  bwg_lightbox\"  data-image-id=\"6235\" href=\"https:\/\/spwyzne.lapszenizne.pl\/wp-content\/uploads\/photo-gallery\/HALOWA__MINI_PILKA_NOZNA_KLAS_IV-VI\/Uczniowie-klas-IV-VI-podczas-zawodow-w-Mini-Halowej-Pilce-Noznej-dla-dziewczyn-i-chlopcow-w-Niedzicy-28.jpg?bwg=1666365268\" data-elementor-open-lightbox=\"no\">                <div class=\"bwg-item0 \">          <div class=\"bwg-item1 \">            <div class=\"bwg-item2\">              <img decoding=\"async\" class=\"skip-lazy bwg_standart_thumb_img_0 \"                   data-id=\"6235\"                   data-width=\"500.00\"                   data-height=\"333.00\"                   data-src=\"https:\/\/spwyzne.lapszenizne.pl\/wp-content\/uploads\/photo-gallery\/HALOWA__MINI_PILKA_NOZNA_KLAS_IV-VI\/thumb\/Uczniowie-klas-IV-VI-podczas-zawodow-w-Mini-Halowej-Pilce-Noznej-dla-dziewczyn-i-chlopcow-w-Niedzicy-28.jpg?bwg=1666365268\"                   src=\"https:\/\/spwyzne.lapszenizne.pl\/wp-content\/uploads\/photo-gallery\/HALOWA__MINI_PILKA_NOZNA_KLAS_IV-VI\/thumb\/Uczniowie-klas-IV-VI-podczas-zawodow-w-Mini-Halowej-Pilce-Noznej-dla-dziewczyn-i-chlopcow-w-Niedzicy-28.jpg?bwg=1666365268\"                   alt=\"Uczniowie-klas-IV-VI-podczas-zawodow-w-Mini-Halowej-Pilce-Noznej-dla-dziewczyn-i-chlopcow-w-Niedzicy-28\"                   title=\"Uczniowie-klas-IV-VI-podczas-zawodow-w-Mini-Halowej-Pilce-Noznej-dla-dziewczyn-i-chlopcow-w-Niedzicy-28\" \/>            <\/div>            <div class=\"\">                                                      <\/div>          <\/div>        <\/div>                        <\/a>              <\/div>            <div class=\"bwg-item\">        <a class=\"bwg-a  bwg_lightbox\"  data-image-id=\"6101\" href=\"https:\/\/spwyzne.lapszenizne.pl\/wp-content\/uploads\/photo-gallery\/HALOWA__MINI_PILKA_NOZNA_KLAS_IV-VI\/Dylomy-za-zajecie-III-w-Mini-Halowej-Pilce-Noznej-dla-dziewczyn-i-Chlopcow.jpg?bwg=1665503779\" data-elementor-open-lightbox=\"no\">                <div class=\"bwg-item0 \">          <div class=\"bwg-item1 \">            <div class=\"bwg-item2\">              <img decoding=\"async\" class=\"skip-lazy bwg_standart_thumb_img_0 \"                   data-id=\"6101\"                   data-width=\"500.00\"                   data-height=\"333.00\"                   data-src=\"https:\/\/spwyzne.lapszenizne.pl\/wp-content\/uploads\/photo-gallery\/HALOWA__MINI_PILKA_NOZNA_KLAS_IV-VI\/thumb\/Dylomy-za-zajecie-III-w-Mini-Halowej-Pilce-Noznej-dla-dziewczyn-i-Chlopcow.jpg?bwg=1665503779\"                   src=\"https:\/\/spwyzne.lapszenizne.pl\/wp-content\/uploads\/photo-gallery\/HALOWA__MINI_PILKA_NOZNA_KLAS_IV-VI\/thumb\/Dylomy-za-zajecie-III-w-Mini-Halowej-Pilce-Noznej-dla-dziewczyn-i-Chlopcow.jpg?bwg=1665503779\"                   alt=\"Dylomy-za-zajecie-III-w-Mini-Halowej-Pilce-Noznej-dla-dziewczyn-i-Chlopcow\"                   title=\"Dylomy-za-zajecie-III-w-Mini-Halowej-Pilce-Noznej-dla-dziewczyn-i-Chlopcow\" \/>            <\/div>            <div class=\"\">                                                      <\/div>          <\/div>        <\/div>                        <\/a>              <\/div>            <div class=\"bwg-item\">        <a class=\"bwg-a  bwg_lightbox\"  data-image-id=\"6102\" href=\"https:\/\/spwyzne.lapszenizne.pl\/wp-content\/uploads\/photo-gallery\/HALOWA__MINI_PILKA_NOZNA_KLAS_IV-VI\/Uczniowie-klas-IV-VI-podczas-zawodow-w-Mini-Halowej-Pilce-Noznej-dla-dziewczyn-i-chlopcow-w-Niedzicy-4.jpg?bwg=1665503779\" data-elementor-open-lightbox=\"no\">                <div class=\"bwg-item0 \">          <div class=\"bwg-item1 \">            <div class=\"bwg-item2\">              <img decoding=\"async\" class=\"skip-lazy bwg_standart_thumb_img_0 \"                   data-id=\"6102\"                   data-width=\"500.00\"                   data-height=\"333.00\"                   data-src=\"https:\/\/spwyzne.lapszenizne.pl\/wp-content\/uploads\/photo-gallery\/HALOWA__MINI_PILKA_NOZNA_KLAS_IV-VI\/thumb\/Uczniowie-klas-IV-VI-podczas-zawodow-w-Mini-Halowej-Pilce-Noznej-dla-dziewczyn-i-chlopcow-w-Niedzicy-4.jpg?bwg=1665503779\"                   src=\"https:\/\/spwyzne.lapszenizne.pl\/wp-content\/uploads\/photo-gallery\/HALOWA__MINI_PILKA_NOZNA_KLAS_IV-VI\/thumb\/Uczniowie-klas-IV-VI-podczas-zawodow-w-Mini-Halowej-Pilce-Noznej-dla-dziewczyn-i-chlopcow-w-Niedzicy-4.jpg?bwg=1665503779\"                   alt=\"Uczniowie-klas-IV-VI-podczas-zawodow-w-Mini-Halowej-Pilce-Noznej-dla-dziewczyn-i-chlopcow-w-Niedzicy-4\"                   title=\"Uczniowie-klas-IV-VI-podczas-zawodow-w-Mini-Halowej-Pilce-Noznej-dla-dziewczyn-i-chlopcow-w-Niedzicy-4\" \/>            <\/div>            <div class=\"\">                                                      <\/div>          <\/div>        <\/div>                        <\/a>              <\/div>            <div class=\"bwg-item\">        <a class=\"bwg-a  bwg_lightbox\"  data-image-id=\"6103\" href=\"https:\/\/spwyzne.lapszenizne.pl\/wp-content\/uploads\/photo-gallery\/HALOWA__MINI_PILKA_NOZNA_KLAS_IV-VI\/Uczniowie-klas-IV-VI-podczas-zawodow-w-Mini-Halowej-Pilce-Noznej-dla-dziewczyn-i-chlopcow-w-Niedzicy-2.jpg?bwg=1665503779\" data-elementor-open-lightbox=\"no\">                <div class=\"bwg-item0 \">          <div class=\"bwg-item1 \">            <div class=\"bwg-item2\">              <img decoding=\"async\" class=\"skip-lazy bwg_standart_thumb_img_0 \"                   data-id=\"6103\"                   data-width=\"500.00\"                   data-height=\"333.00\"                   data-src=\"https:\/\/spwyzne.lapszenizne.pl\/wp-content\/uploads\/photo-gallery\/HALOWA__MINI_PILKA_NOZNA_KLAS_IV-VI\/thumb\/Uczniowie-klas-IV-VI-podczas-zawodow-w-Mini-Halowej-Pilce-Noznej-dla-dziewczyn-i-chlopcow-w-Niedzicy-2.jpg?bwg=1665503779\"                   src=\"https:\/\/spwyzne.lapszenizne.pl\/wp-content\/uploads\/photo-gallery\/HALOWA__MINI_PILKA_NOZNA_KLAS_IV-VI\/thumb\/Uczniowie-klas-IV-VI-podczas-zawodow-w-Mini-Halowej-Pilce-Noznej-dla-dziewczyn-i-chlopcow-w-Niedzicy-2.jpg?bwg=1665503779\"                   alt=\"Uczniowie-klas-IV-VI-podczas-zawodow-w-Mini-Halowej-Pilce-Noznej-dla-dziewczyn-i-chlopcow-w-Niedzicy-2\"                   title=\"Uczniowie-klas-IV-VI-podczas-zawodow-w-Mini-Halowej-Pilce-Noznej-dla-dziewczyn-i-chlopcow-w-Niedzicy-2\" \/>            <\/div>            <div class=\"\">                                                      <\/div>          <\/div>        <\/div>                        <\/a>              <\/div>            <div class=\"bwg-item\">        <a class=\"bwg-a  bwg_lightbox\"  data-image-id=\"6104\" href=\"https:\/\/spwyzne.lapszenizne.pl\/wp-content\/uploads\/photo-gallery\/HALOWA__MINI_PILKA_NOZNA_KLAS_IV-VI\/Uczniowie-klas-IV-VI-podczas-zawodow-w-Mini-Halowej-Pilce-Noznej-dla-dziewczyn-i-chlopcow-w-Niedzicy-1.jpg?bwg=1665503779\" data-elementor-open-lightbox=\"no\">                <div class=\"bwg-item0 \">          <div class=\"bwg-item1 \">            <div class=\"bwg-item2\">              <img decoding=\"async\" class=\"skip-lazy bwg_standart_thumb_img_0 \"                   data-id=\"6104\"                   data-width=\"500.00\"                   data-height=\"333.00\"                   data-src=\"https:\/\/spwyzne.lapszenizne.pl\/wp-content\/uploads\/photo-gallery\/HALOWA__MINI_PILKA_NOZNA_KLAS_IV-VI\/thumb\/Uczniowie-klas-IV-VI-podczas-zawodow-w-Mini-Halowej-Pilce-Noznej-dla-dziewczyn-i-chlopcow-w-Niedzicy-1.jpg?bwg=1665503779\"                   src=\"https:\/\/spwyzne.lapszenizne.pl\/wp-content\/uploads\/photo-gallery\/HALOWA__MINI_PILKA_NOZNA_KLAS_IV-VI\/thumb\/Uczniowie-klas-IV-VI-podczas-zawodow-w-Mini-Halowej-Pilce-Noznej-dla-dziewczyn-i-chlopcow-w-Niedzicy-1.jpg?bwg=1665503779\"                   alt=\"Uczniowie-klas-IV-VI-podczas-zawodow-w-Mini-Halowej-Pilce-Noznej-dla-dziewczyn-i-chlopcow-w-Niedzicy-1\"                   title=\"Uczniowie-klas-IV-VI-podczas-zawodow-w-Mini-Halowej-Pilce-Noznej-dla-dziewczyn-i-chlopcow-w-Niedzicy-1\" \/>            <\/div>            <div class=\"\">                                                      <\/div>          <\/div>        <\/div>                        <\/a>              <\/div>            <div class=\"bwg-item\">        <a class=\"bwg-a  bwg_lightbox\"  data-image-id=\"6105\" href=\"https:\/\/spwyzne.lapszenizne.pl\/wp-content\/uploads\/photo-gallery\/HALOWA__MINI_PILKA_NOZNA_KLAS_IV-VI\/Uczniowie-klas-IV-VI-podczas-zawodow-w-Mini-Halowej-Pilce-Noznej-dla-dziewczyn-i-chlopcow-w-Niedzicy-3.jpg?bwg=1665503779\" data-elementor-open-lightbox=\"no\">                <div class=\"bwg-item0 \">          <div class=\"bwg-item1 \">            <div class=\"bwg-item2\">              <img decoding=\"async\" class=\"skip-lazy bwg_standart_thumb_img_0 \"                   data-id=\"6105\"                   data-width=\"500.00\"                   data-height=\"333.00\"                   data-src=\"https:\/\/spwyzne.lapszenizne.pl\/wp-content\/uploads\/photo-gallery\/HALOWA__MINI_PILKA_NOZNA_KLAS_IV-VI\/thumb\/Uczniowie-klas-IV-VI-podczas-zawodow-w-Mini-Halowej-Pilce-Noznej-dla-dziewczyn-i-chlopcow-w-Niedzicy-3.jpg?bwg=1665503779\"                   src=\"https:\/\/spwyzne.lapszenizne.pl\/wp-content\/uploads\/photo-gallery\/HALOWA__MINI_PILKA_NOZNA_KLAS_IV-VI\/thumb\/Uczniowie-klas-IV-VI-podczas-zawodow-w-Mini-Halowej-Pilce-Noznej-dla-dziewczyn-i-chlopcow-w-Niedzicy-3.jpg?bwg=1665503779\"                   alt=\"Uczniowie-klas-IV-VI-podczas-zawodow-w-Mini-Halowej-Pilce-Noznej-dla-dziewczyn-i-chlopcow-w-Niedzicy-3\"                   title=\"Uczniowie-klas-IV-VI-podczas-zawodow-w-Mini-Halowej-Pilce-Noznej-dla-dziewczyn-i-chlopcow-w-Niedzicy-3\" \/>            <\/div>            <div class=\"\">                                                      <\/div>          <\/div>        <\/div>                        <\/a>              <\/div>            <div class=\"bwg-item\">        <a class=\"bwg-a  bwg_lightbox\"  data-image-id=\"6106\" href=\"https:\/\/spwyzne.lapszenizne.pl\/wp-content\/uploads\/photo-gallery\/HALOWA__MINI_PILKA_NOZNA_KLAS_IV-VI\/Uczniowie-klas-IV-VI-podczas-zawodow-w-Mini-Halowej-Pilce-Noznej-dla-dziewczyn-i-chlopcow-w-Niedzicy-7.jpg?bwg=1665503779\" data-elementor-open-lightbox=\"no\">                <div class=\"bwg-item0 \">          <div class=\"bwg-item1 \">            <div class=\"bwg-item2\">              <img decoding=\"async\" class=\"skip-lazy bwg_standart_thumb_img_0 \"                   data-id=\"6106\"                   data-width=\"500.00\"                   data-height=\"333.00\"                   data-src=\"https:\/\/spwyzne.lapszenizne.pl\/wp-content\/uploads\/photo-gallery\/HALOWA__MINI_PILKA_NOZNA_KLAS_IV-VI\/thumb\/Uczniowie-klas-IV-VI-podczas-zawodow-w-Mini-Halowej-Pilce-Noznej-dla-dziewczyn-i-chlopcow-w-Niedzicy-7.jpg?bwg=1665503779\"                   src=\"https:\/\/spwyzne.lapszenizne.pl\/wp-content\/uploads\/photo-gallery\/HALOWA__MINI_PILKA_NOZNA_KLAS_IV-VI\/thumb\/Uczniowie-klas-IV-VI-podczas-zawodow-w-Mini-Halowej-Pilce-Noznej-dla-dziewczyn-i-chlopcow-w-Niedzicy-7.jpg?bwg=1665503779\"                   alt=\"Uczniowie-klas-IV-VI-podczas-zawodow-w-Mini-Halowej-Pilce-Noznej-dla-dziewczyn-i-chlopcow-w-Niedzicy-7\"                   title=\"Uczniowie-klas-IV-VI-podczas-zawodow-w-Mini-Halowej-Pilce-Noznej-dla-dziewczyn-i-chlopcow-w-Niedzicy-7\" \/>            <\/div>            <div class=\"\">                                                      <\/div>          <\/div>        <\/div>                        <\/a>              <\/div>            <div class=\"bwg-item\">        <a class=\"bwg-a  bwg_lightbox\"  data-image-id=\"6107\" href=\"https:\/\/spwyzne.lapszenizne.pl\/wp-content\/uploads\/photo-gallery\/HALOWA__MINI_PILKA_NOZNA_KLAS_IV-VI\/Uczniowie-klas-IV-VI-podczas-zawodow-w-Mini-Halowej-Pilce-Noznej-dla-dziewczyn-i-chlopcow-w-Niedzicy-6.jpg?bwg=1665503779\" data-elementor-open-lightbox=\"no\">                <div class=\"bwg-item0 \">          <div class=\"bwg-item1 \">            <div class=\"bwg-item2\">              <img decoding=\"async\" class=\"skip-lazy bwg_standart_thumb_img_0 \"                   data-id=\"6107\"                   data-width=\"500.00\"                   data-height=\"333.00\"                   data-src=\"https:\/\/spwyzne.lapszenizne.pl\/wp-content\/uploads\/photo-gallery\/HALOWA__MINI_PILKA_NOZNA_KLAS_IV-VI\/thumb\/Uczniowie-klas-IV-VI-podczas-zawodow-w-Mini-Halowej-Pilce-Noznej-dla-dziewczyn-i-chlopcow-w-Niedzicy-6.jpg?bwg=1665503779\"                   src=\"https:\/\/spwyzne.lapszenizne.pl\/wp-content\/uploads\/photo-gallery\/HALOWA__MINI_PILKA_NOZNA_KLAS_IV-VI\/thumb\/Uczniowie-klas-IV-VI-podczas-zawodow-w-Mini-Halowej-Pilce-Noznej-dla-dziewczyn-i-chlopcow-w-Niedzicy-6.jpg?bwg=1665503779\"                   alt=\"Uczniowie-klas-IV-VI-podczas-zawodow-w-Mini-Halowej-Pilce-Noznej-dla-dziewczyn-i-chlopcow-w-Niedzicy-6\"                   title=\"Uczniowie-klas-IV-VI-podczas-zawodow-w-Mini-Halowej-Pilce-Noznej-dla-dziewczyn-i-chlopcow-w-Niedzicy-6\" \/>            <\/div>            <div class=\"\">                                                      <\/div>          <\/div>        <\/div>                        <\/a>              <\/div>            <div class=\"bwg-item\">        <a class=\"bwg-a  bwg_lightbox\"  data-image-id=\"6108\" href=\"https:\/\/spwyzne.lapszenizne.pl\/wp-content\/uploads\/photo-gallery\/HALOWA__MINI_PILKA_NOZNA_KLAS_IV-VI\/Uczniowie-klas-IV-VI-podczas-zawodow-w-Mini-Halowej-Pilce-Noznej-dla-dziewczyn-i-chlopcow-w-Niedzicy-5.jpg?bwg=1665503779\" data-elementor-open-lightbox=\"no\">                <div class=\"bwg-item0 \">          <div class=\"bwg-item1 \">            <div class=\"bwg-item2\">              <img decoding=\"async\" class=\"skip-lazy bwg_standart_thumb_img_0 \"                   data-id=\"6108\"                   data-width=\"500.00\"                   data-height=\"333.00\"                   data-src=\"https:\/\/spwyzne.lapszenizne.pl\/wp-content\/uploads\/photo-gallery\/HALOWA__MINI_PILKA_NOZNA_KLAS_IV-VI\/thumb\/Uczniowie-klas-IV-VI-podczas-zawodow-w-Mini-Halowej-Pilce-Noznej-dla-dziewczyn-i-chlopcow-w-Niedzicy-5.jpg?bwg=1665503779\"                   src=\"https:\/\/spwyzne.lapszenizne.pl\/wp-content\/uploads\/photo-gallery\/HALOWA__MINI_PILKA_NOZNA_KLAS_IV-VI\/thumb\/Uczniowie-klas-IV-VI-podczas-zawodow-w-Mini-Halowej-Pilce-Noznej-dla-dziewczyn-i-chlopcow-w-Niedzicy-5.jpg?bwg=1665503779\"                   alt=\"Uczniowie-klas-IV-VI-podczas-zawodow-w-Mini-Halowej-Pilce-Noznej-dla-dziewczyn-i-chlopcow-w-Niedzicy-5\"                   title=\"Uczniowie-klas-IV-VI-podczas-zawodow-w-Mini-Halowej-Pilce-Noznej-dla-dziewczyn-i-chlopcow-w-Niedzicy-5\" \/>            <\/div>            <div class=\"\">                                                      <\/div>          <\/div>        <\/div>                        <\/a>              <\/div>            <div class=\"bwg-item\">        <a class=\"bwg-a  bwg_lightbox\"  data-image-id=\"6109\" href=\"https:\/\/spwyzne.lapszenizne.pl\/wp-content\/uploads\/photo-gallery\/HALOWA__MINI_PILKA_NOZNA_KLAS_IV-VI\/Uczniowie-klas-IV-VI-podczas-zawodow-w-Mini-Halowej-Pilce-Noznej-dla-dziewczyn-i-chlopcow-w-Niedzicy-9.jpg?bwg=1665503779\" data-elementor-open-lightbox=\"no\">                <div class=\"bwg-item0 \">          <div class=\"bwg-item1 \">            <div class=\"bwg-item2\">              <img decoding=\"async\" class=\"skip-lazy bwg_standart_thumb_img_0 \"                   data-id=\"6109\"                   data-width=\"500.00\"                   data-height=\"333.00\"                   data-src=\"https:\/\/spwyzne.lapszenizne.pl\/wp-content\/uploads\/photo-gallery\/HALOWA__MINI_PILKA_NOZNA_KLAS_IV-VI\/thumb\/Uczniowie-klas-IV-VI-podczas-zawodow-w-Mini-Halowej-Pilce-Noznej-dla-dziewczyn-i-chlopcow-w-Niedzicy-9.jpg?bwg=1665503779\"                   src=\"https:\/\/spwyzne.lapszenizne.pl\/wp-content\/uploads\/photo-gallery\/HALOWA__MINI_PILKA_NOZNA_KLAS_IV-VI\/thumb\/Uczniowie-klas-IV-VI-podczas-zawodow-w-Mini-Halowej-Pilce-Noznej-dla-dziewczyn-i-chlopcow-w-Niedzicy-9.jpg?bwg=1665503779\"                   alt=\"Uczniowie-klas-IV-VI-podczas-zawodow-w-Mini-Halowej-Pilce-Noznej-dla-dziewczyn-i-chlopcow-w-Niedzicy-9\"                   title=\"Uczniowie-klas-IV-VI-podczas-zawodow-w-Mini-Halowej-Pilce-Noznej-dla-dziewczyn-i-chlopcow-w-Niedzicy-9\" \/>            <\/div>            <div class=\"\">                                                      <\/div>          <\/div>        <\/div>                        <\/a>              <\/div>            <div class=\"bwg-item\">        <a class=\"bwg-a  bwg_lightbox\"  data-image-id=\"6110\" href=\"https:\/\/spwyzne.lapszenizne.pl\/wp-content\/uploads\/photo-gallery\/HALOWA__MINI_PILKA_NOZNA_KLAS_IV-VI\/Uczniowie-klas-IV-VI-podczas-zawodow-w-Mini-Halowej-Pilce-Noznej-dla-dziewczyn-i-chlopcow-w-Niedzicy-8.jpg?bwg=1665503779\" data-elementor-open-lightbox=\"no\">                <div class=\"bwg-item0 \">          <div class=\"bwg-item1 \">            <div class=\"bwg-item2\">              <img decoding=\"async\" class=\"skip-lazy bwg_standart_thumb_img_0 \"                   data-id=\"6110\"                   data-width=\"500.00\"                   data-height=\"333.00\"                   data-src=\"https:\/\/spwyzne.lapszenizne.pl\/wp-content\/uploads\/photo-gallery\/HALOWA__MINI_PILKA_NOZNA_KLAS_IV-VI\/thumb\/Uczniowie-klas-IV-VI-podczas-zawodow-w-Mini-Halowej-Pilce-Noznej-dla-dziewczyn-i-chlopcow-w-Niedzicy-8.jpg?bwg=1665503779\"                   src=\"https:\/\/spwyzne.lapszenizne.pl\/wp-content\/uploads\/photo-gallery\/HALOWA__MINI_PILKA_NOZNA_KLAS_IV-VI\/thumb\/Uczniowie-klas-IV-VI-podczas-zawodow-w-Mini-Halowej-Pilce-Noznej-dla-dziewczyn-i-chlopcow-w-Niedzicy-8.jpg?bwg=1665503779\"                   alt=\"Uczniowie-klas-IV-VI-podczas-zawodow-w-Mini-Halowej-Pilce-Noznej-dla-dziewczyn-i-chlopcow-w-Niedzicy-8\"                   title=\"Uczniowie-klas-IV-VI-podczas-zawodow-w-Mini-Halowej-Pilce-Noznej-dla-dziewczyn-i-chlopcow-w-Niedzicy-8\" \/>            <\/div>            <div class=\"\">                                                      <\/div>          <\/div>        <\/div>                        <\/a>              <\/div>          <\/div>    <style>      \/*pagination styles*\/      #bwg_container1_0 #bwg_container2_0 .tablenav-pages_0 {\t\t\t\ttext-align: center;\t\t\t\tfont-size: 12px;\t\t\t\tfont-family: Ubuntu;\t\t\t\tfont-weight: bold;\t\t\t\tcolor: #666666;\t\t\t\tmargin: 6px 0 4px;\t\t\t\tdisplay: block;      }      @media only screen and (max-width : 320px) {      #bwg_container1_0 #bwg_container2_0 .displaying-num_0 {     \t display: none;      }      }      #bwg_container1_0 #bwg_container2_0 .displaying-num_0 {\t\t\t\tfont-size: 12px;\t\t\t\tfont-family: Ubuntu;\t\t\t\tfont-weight: bold;\t\t\t\tcolor: #666666;\t\t\t\tmargin-right: 10px;\t\t\t\tvertical-align: middle;      }      #bwg_container1_0 #bwg_container2_0 .paging-input_0 {\t\t\t\tfont-size: 12px;\t\t\t\tfont-family: Ubuntu;\t\t\t\tfont-weight: bold;\t\t\t\tcolor: #666666;\t\t\t\tvertical-align: middle;      }      #bwg_container1_0 #bwg_container2_0 .tablenav-pages_0 a.disabled,      #bwg_container1_0 #bwg_container2_0 .tablenav-pages_0 a.disabled:hover,      #bwg_container1_0 #bwg_container2_0 .tablenav-pages_0 a.disabled:focus,\t\t\t#bwg_container1_0 #bwg_container2_0 .tablenav-pages_0 input.bwg_current_page {\t\t\t\tcursor: default;\t\t\t\tcolor: rgba(102, 102, 102, 0.5);      }      #bwg_container1_0 #bwg_container2_0 .tablenav-pages_0 a,      #bwg_container1_0 #bwg_container2_0 .tablenav-pages_0 input.bwg_current_page {\t\t\t\tcursor: pointer;\t\t\t\ttext-align: center;\t\t\t\tfont-size: 12px;\t\t\t\tfont-family: Ubuntu;\t\t\t\tfont-weight: bold;\t\t\t\tcolor: #666666;\t\t\t\ttext-decoration: none;\t\t\t\tpadding: 3px 6px;\t\t\t\tmargin: 0;\t\t\t\tborder-radius: 0;\t\t\t\tborder-style: solid;\t\t\t\tborder-width: 1px;\t\t\t\tborder-color: #E3E3E3;\t\t\t\t\t\t\t\tbackground-color: rgba(255, 255, 255, 1.00);\t\t\t\tbox-shadow: 0;\t\t\t\ttransition: all 0.3s ease 0s;-webkit-transition: all 0.3s ease 0s;      }      <\/style>      <span class=\"bwg_nav_cont_0\">              <div class=\"tablenav-pages_0\">                      <span class=\"pagination-links_0 pagination-links\" data-pages-count=\"2\">              <span class=\"pagination-links_col1\">              <a class=\"bwg-a first-page disabled\" title=\"Przejd\u017a do pierwszej strony\" >\u00ab<\/a>              <a class=\"bwg-a prev-page disabled\" title=\"Przejd\u017a do poprzedniej strony\" >\u2039<\/a>              <\/span>\t\t\t\t\t\t\t<span class=\"pagination-links_col2\">\t\t\t\t\t\t\t\t\t<input type=\"number\" class=\"bwg_current_page\" name=\"bwg_current_page\" value=\"1\" data-url-info=\"page_number_0\" onkeypress=\"return bwg_change_page_0(event, this)\" min=\"1\" oninput=\"validity.valid||(value='')\" \/>\t\t\t\t\t\t\t\t\t\tz\t\t\t\t\t\t\t\t\t\t<span class=\"total-pages_0\">\t\t\t\t\t\t\t\t\t\t\t2\t\t\t\t\t\t\t\t\t\t<\/span>\t\t\t\t\t\t\t<\/span>              <span class=\"pagination-links_col3\">                <a class=\"bwg-a next-page-0\" title=\"Przejd\u017a do nast\u0119pnej strony\" href=\"\/index.php?rest_route=%2Fwp%2Fv2%2Fposts%2F3960&#038;page_number_0=2\">\u203a<\/a>                <a class=\"bwg-a last-page-0\" title=\"Przejd\u017a do ostatniej strony\" href=\"\/index.php?rest_route=%2Fwp%2Fv2%2Fposts%2F3960&#038;page_number_0=2\">\u00bb<\/a>              <\/span>\t\t\t\t\t\t<\/span>\t\t\t\t\t\t        <\/div>                <input type=\"hidden\" id=\"page_number_0\" name=\"page_number_0\" value=\"1\" \/>      <script type=\"text\/javascript\">        if( jQuery('.bwg_nav_cont_0').length > 1 ) {          jQuery('.bwg_nav_cont_0').first().remove()        }        function spider_page_0(cur, x, y, load_more) {          if (typeof load_more == \"undefined\") {            var load_more = false;          }          if (jQuery(cur).hasClass('disabled')) {            return false;          }          var items_county_0 = 2;          switch (y) {            case 1:              if (x >= items_county_0) {                document.getElementById('page_number_0').value = items_county_0;              }              else {                document.getElementById('page_number_0').value = x + 1;              }              break;            case 2:              document.getElementById('page_number_0').value = items_county_0;              break;            case -1:              if (x == 1) {                document.getElementById('page_number_0').value = 1;              }              else {                document.getElementById('page_number_0').value = x - 1;              }              break;            case -2:              document.getElementById('page_number_0').value = 1;              break;\t\t\t\t\t\tcase 0:              document.getElementById('page_number_0').value = x;              break;            default:              document.getElementById('page_number_0').value = 1;          }          bwg_ajax('gal_front_form_0', '0', 'bwg_thumbnails_0', '0', '', 'gallery', 0, '', '', load_more, '', 1);        }                    jQuery('.first-page disabled').on('click', function () {              spider_page_0(this, 1, -2, 'numeric');              return false;            });            jQuery('.prev-page disabled').on('click', function () {              spider_page_0(this, 1, -1, 'numeric');              return false;            });            jQuery('.next-page-0').on('click', function () {              spider_page_0(this, 1, 1, 'numeric');              return false;            });            jQuery('.last-page-0').on('click', function () {              spider_page_0(this, 1, 2, 'numeric');              return false;            });        \t\t\t\t\/* Change page on input enter. *\/        function bwg_change_page_0( e, that ) {          if (  e.key == 'Enter' ) {            var to_page = parseInt(jQuery(that).val());            var pages_count = jQuery(that).parents(\".pagination-links\").data(\"pages-count\");            var current_url_param = jQuery(that).attr('data-url-info');            if (to_page > pages_count) {              to_page = 1;            }\t \t\t\t\t\t\t\t\t\t\t\t\tspider_page_0(this, to_page, 0, 'numeric');\t\t\t\t\t\t\treturn false;\t\t\t\t\t\t          }          return true;        }        jQuery('.bwg_load_btn_0').on('click', function () {            spider_page_0(this, 1, 1, true);            return false;        });      <\/script>      <\/span>                <\/div>        <\/form>        <style>          #bwg_container1_0 #bwg_container2_0 #spider_popup_overlay_0 {          background-color: #EEEEEE;          opacity: 0.60;          }          <\/style>        <div id=\"bwg_spider_popup_loading_0\" class=\"bwg_spider_popup_loading\"><\/div>        <div id=\"spider_popup_overlay_0\" class=\"spider_popup_overlay\" onclick=\"spider_destroypopup(1000)\"><\/div>        <input type=\"hidden\" id=\"bwg_random_seed_0\" value=\"2058441032\">                <\/div>    <\/div>    <script>      if (document.readyState === 'complete') {        if( typeof bwg_main_ready == 'function' ) {          if ( jQuery(\"#bwg_container1_0\").height() ) {            bwg_main_ready(jQuery(\"#bwg_container1_0\"));          }        }      } else {        document.addEventListener('DOMContentLoaded', function() {          if( typeof bwg_main_ready == 'function' ) {            if ( jQuery(\"#bwg_container1_0\").height() ) {             bwg_main_ready(jQuery(\"#bwg_container1_0\"));            }          }        });      }    <\/script>    \n","protected":false},"excerpt":{"rendered":"<p>7 pa\u017adziernika na hali sportowej w Niedzicy odby\u0142y si\u0119 Gminne Zawody w mini pi\u0142k\u0119 no\u017cn\u0105 dla dziewcz\u0105t i ch\u0142opc\u00f3w klas IV-VI. Z gminy przyjecha\u0142o sze\u015b\u0107 zespo\u0142\u00f3w: SP Trybsz, SP \u0141apsze Wy\u017cne, SP \u0141apsze Ni\u017cne, SP Frydman, SP Niedzica i SP Kacwin.<\/p>\n","protected":false},"author":2,"featured_media":3961,"comment_status":"closed","ping_status":"open","sticky":false,"template":"","format":"image","meta":{"footnotes":""},"categories":[1,23],"tags":[],"class_list":["post-3960","post","type-post","status-publish","format-image","has-post-thumbnail","hentry","category-aktualnosci","category-konkursy","post_format-post-format-image"],"yoast_head":"<!-- This site is optimized with the Yoast SEO plugin v27.4 - https:\/\/yoast.com\/product\/yoast-seo-wordpress\/ -->\n<title>III MIEJSCE DZIEWCZ\u0104T I CH\u0141OPC\u00d3W W HALOWEJ MINI PI\u0141CE NO\u017bNEJ KLAS IV-VI - Szko\u0142a Podstawowa im. B\u0142ogos\u0142awionego Jana Paw\u0142a II w \u0141apszach Wy\u017cnych<\/title>\n<meta name=\"robots\" content=\"index, follow, max-snippet:-1, max-image-preview:large, max-video-preview:-1\" \/>\n<link rel=\"canonical\" href=\"https:\/\/spwyzne.lapszenizne.pl\/?p=3960\" \/>\n<meta property=\"og:locale\" content=\"pl_PL\" \/>\n<meta property=\"og:type\" content=\"article\" \/>\n<meta property=\"og:title\" content=\"III MIEJSCE DZIEWCZ\u0104T I CH\u0141OPC\u00d3W W HALOWEJ MINI PI\u0141CE NO\u017bNEJ KLAS IV-VI - Szko\u0142a Podstawowa im. B\u0142ogos\u0142awionego Jana Paw\u0142a II w \u0141apszach Wy\u017cnych\" \/>\n<meta property=\"og:description\" content=\"7 pa\u017adziernika na hali sportowej w Niedzicy odby\u0142y si\u0119 Gminne Zawody w mini pi\u0142k\u0119 no\u017cn\u0105 dla dziewcz\u0105t i ch\u0142opc\u00f3w klas IV-VI. Z gminy przyjecha\u0142o sze\u015b\u0107 zespo\u0142\u00f3w: SP Trybsz, SP \u0141apsze Wy\u017cne, SP \u0141apsze Ni\u017cne, SP Frydman, SP Niedzica i SP Kacwin.\" \/>\n<meta property=\"og:url\" content=\"https:\/\/spwyzne.lapszenizne.pl\/?p=3960\" \/>\n<meta property=\"og:site_name\" content=\"Szko\u0142a Podstawowa im. B\u0142ogos\u0142awionego Jana Paw\u0142a II w \u0141apszach Wy\u017cnych\" \/>\n<meta property=\"article:published_time\" content=\"2022-10-10T18:24:47+00:00\" \/>\n<meta property=\"article:modified_time\" content=\"2022-11-25T12:07:34+00:00\" \/>\n<meta property=\"og:image\" content=\"https:\/\/spwyzne.lapszenizne.pl\/wp-content\/uploads\/2022\/10\/Zdjecie-grupowe-druzyny-dziewczyn-i-chlopcow-podczas-zawodow-sportowych-pilka-nozna-w-Niedzicy-scaled.jpg\" \/>\n\t<meta property=\"og:image:width\" content=\"2560\" \/>\n\t<meta property=\"og:image:height\" content=\"1707\" \/>\n\t<meta property=\"og:image:type\" content=\"image\/jpeg\" \/>\n<meta name=\"author\" content=\"El\u017cbieta So\u0142tys\" \/>\n<meta name=\"twitter:card\" content=\"summary_large_image\" \/>\n<meta name=\"twitter:label1\" content=\"Napisane przez\" \/>\n\t<meta name=\"twitter:data1\" content=\"El\u017cbieta So\u0142tys\" \/>\n\t<meta name=\"twitter:label2\" content=\"Szacowany czas czytania\" \/>\n\t<meta name=\"twitter:data2\" content=\"2 minuty\" \/>\n<script type=\"application\/ld+json\" class=\"yoast-schema-graph\">{\"@context\":\"https:\\\/\\\/schema.org\",\"@graph\":[{\"@type\":\"Article\",\"@id\":\"https:\\\/\\\/spwyzne.lapszenizne.pl\\\/?p=3960#article\",\"isPartOf\":{\"@id\":\"https:\\\/\\\/spwyzne.lapszenizne.pl\\\/?p=3960\"},\"author\":{\"name\":\"El\u017cbieta So\u0142tys\",\"@id\":\"https:\\\/\\\/spwyzne.lapszenizne.pl\\\/#\\\/schema\\\/person\\\/2ad85a648b7fab1cd592eb539d110d29\"},\"headline\":\"III MIEJSCE DZIEWCZ\u0104T I CH\u0141OPC\u00d3W W HALOWEJ MINI PI\u0141CE NO\u017bNEJ KLAS IV-VI\",\"datePublished\":\"2022-10-10T18:24:47+00:00\",\"dateModified\":\"2022-11-25T12:07:34+00:00\",\"mainEntityOfPage\":{\"@id\":\"https:\\\/\\\/spwyzne.lapszenizne.pl\\\/?p=3960\"},\"wordCount\":225,\"image\":{\"@id\":\"https:\\\/\\\/spwyzne.lapszenizne.pl\\\/?p=3960#primaryimage\"},\"thumbnailUrl\":\"https:\\\/\\\/spwyzne.lapszenizne.pl\\\/wp-content\\\/uploads\\\/2022\\\/10\\\/Zdjecie-grupowe-druzyny-dziewczyn-i-chlopcow-podczas-zawodow-sportowych-pilka-nozna-w-Niedzicy-scaled.jpg\",\"articleSection\":[\"Aktualno\u015bci\",\"Konkursy\"],\"inLanguage\":\"pl-PL\"},{\"@type\":\"WebPage\",\"@id\":\"https:\\\/\\\/spwyzne.lapszenizne.pl\\\/?p=3960\",\"url\":\"https:\\\/\\\/spwyzne.lapszenizne.pl\\\/?p=3960\",\"name\":\"III MIEJSCE DZIEWCZ\u0104T I CH\u0141OPC\u00d3W W HALOWEJ MINI PI\u0141CE NO\u017bNEJ KLAS IV-VI - Szko\u0142a Podstawowa im. B\u0142ogos\u0142awionego Jana Paw\u0142a II w \u0141apszach Wy\u017cnych\",\"isPartOf\":{\"@id\":\"https:\\\/\\\/spwyzne.lapszenizne.pl\\\/#website\"},\"primaryImageOfPage\":{\"@id\":\"https:\\\/\\\/spwyzne.lapszenizne.pl\\\/?p=3960#primaryimage\"},\"image\":{\"@id\":\"https:\\\/\\\/spwyzne.lapszenizne.pl\\\/?p=3960#primaryimage\"},\"thumbnailUrl\":\"https:\\\/\\\/spwyzne.lapszenizne.pl\\\/wp-content\\\/uploads\\\/2022\\\/10\\\/Zdjecie-grupowe-druzyny-dziewczyn-i-chlopcow-podczas-zawodow-sportowych-pilka-nozna-w-Niedzicy-scaled.jpg\",\"datePublished\":\"2022-10-10T18:24:47+00:00\",\"dateModified\":\"2022-11-25T12:07:34+00:00\",\"author\":{\"@id\":\"https:\\\/\\\/spwyzne.lapszenizne.pl\\\/#\\\/schema\\\/person\\\/2ad85a648b7fab1cd592eb539d110d29\"},\"breadcrumb\":{\"@id\":\"https:\\\/\\\/spwyzne.lapszenizne.pl\\\/?p=3960#breadcrumb\"},\"inLanguage\":\"pl-PL\",\"potentialAction\":[{\"@type\":\"ReadAction\",\"target\":[\"https:\\\/\\\/spwyzne.lapszenizne.pl\\\/?p=3960\"]}]},{\"@type\":\"ImageObject\",\"inLanguage\":\"pl-PL\",\"@id\":\"https:\\\/\\\/spwyzne.lapszenizne.pl\\\/?p=3960#primaryimage\",\"url\":\"https:\\\/\\\/spwyzne.lapszenizne.pl\\\/wp-content\\\/uploads\\\/2022\\\/10\\\/Zdjecie-grupowe-druzyny-dziewczyn-i-chlopcow-podczas-zawodow-sportowych-pilka-nozna-w-Niedzicy-scaled.jpg\",\"contentUrl\":\"https:\\\/\\\/spwyzne.lapszenizne.pl\\\/wp-content\\\/uploads\\\/2022\\\/10\\\/Zdjecie-grupowe-druzyny-dziewczyn-i-chlopcow-podczas-zawodow-sportowych-pilka-nozna-w-Niedzicy-scaled.jpg\",\"width\":2560,\"height\":1707,\"caption\":\"Zdj\u0119cie grupowe dru\u017cyny dziewczyn i ch\u0142opc\u00f3w podczas zawod\u00f3w sportowych - pi\u0142ka no\u017cna w Niedzicy\"},{\"@type\":\"BreadcrumbList\",\"@id\":\"https:\\\/\\\/spwyzne.lapszenizne.pl\\\/?p=3960#breadcrumb\",\"itemListElement\":[{\"@type\":\"ListItem\",\"position\":1,\"name\":\"Strona g\u0142\u00f3wna\",\"item\":\"https:\\\/\\\/spwyzne.lapszenizne.pl\\\/\"},{\"@type\":\"ListItem\",\"position\":2,\"name\":\"III MIEJSCE DZIEWCZ\u0104T I CH\u0141OPC\u00d3W W HALOWEJ MINI PI\u0141CE NO\u017bNEJ KLAS IV-VI\"}]},{\"@type\":\"WebSite\",\"@id\":\"https:\\\/\\\/spwyzne.lapszenizne.pl\\\/#website\",\"url\":\"https:\\\/\\\/spwyzne.lapszenizne.pl\\\/\",\"name\":\"Szko\u0142a Podstawowa im. B\u0142ogos\u0142awionego Jana Paw\u0142a II w \u0141apszach Wy\u017cnych\",\"description\":\"\",\"potentialAction\":[{\"@type\":\"SearchAction\",\"target\":{\"@type\":\"EntryPoint\",\"urlTemplate\":\"https:\\\/\\\/spwyzne.lapszenizne.pl\\\/?s={search_term_string}\"},\"query-input\":{\"@type\":\"PropertyValueSpecification\",\"valueRequired\":true,\"valueName\":\"search_term_string\"}}],\"inLanguage\":\"pl-PL\"},{\"@type\":\"Person\",\"@id\":\"https:\\\/\\\/spwyzne.lapszenizne.pl\\\/#\\\/schema\\\/person\\\/2ad85a648b7fab1cd592eb539d110d29\",\"name\":\"El\u017cbieta So\u0142tys\",\"image\":{\"@type\":\"ImageObject\",\"inLanguage\":\"pl-PL\",\"@id\":\"https:\\\/\\\/secure.gravatar.com\\\/avatar\\\/302693d55cffbc932e69ddeafa82a05fbae572a06167f720d63d9113df93d047?s=96&d=mm&r=g\",\"url\":\"https:\\\/\\\/secure.gravatar.com\\\/avatar\\\/302693d55cffbc932e69ddeafa82a05fbae572a06167f720d63d9113df93d047?s=96&d=mm&r=g\",\"contentUrl\":\"https:\\\/\\\/secure.gravatar.com\\\/avatar\\\/302693d55cffbc932e69ddeafa82a05fbae572a06167f720d63d9113df93d047?s=96&d=mm&r=g\",\"caption\":\"El\u017cbieta So\u0142tys\"},\"url\":\"https:\\\/\\\/spwyzne.lapszenizne.pl\\\/?author=2\"}]}<\/script>\n<!-- \/ Yoast SEO plugin. -->","yoast_head_json":{"title":"III MIEJSCE DZIEWCZ\u0104T I CH\u0141OPC\u00d3W W HALOWEJ MINI PI\u0141CE NO\u017bNEJ KLAS IV-VI - Szko\u0142a Podstawowa im. B\u0142ogos\u0142awionego Jana Paw\u0142a II w \u0141apszach Wy\u017cnych","robots":{"index":"index","follow":"follow","max-snippet":"max-snippet:-1","max-image-preview":"max-image-preview:large","max-video-preview":"max-video-preview:-1"},"canonical":"https:\/\/spwyzne.lapszenizne.pl\/?p=3960","og_locale":"pl_PL","og_type":"article","og_title":"III MIEJSCE DZIEWCZ\u0104T I CH\u0141OPC\u00d3W W HALOWEJ MINI PI\u0141CE NO\u017bNEJ KLAS IV-VI - Szko\u0142a Podstawowa im. B\u0142ogos\u0142awionego Jana Paw\u0142a II w \u0141apszach Wy\u017cnych","og_description":"7 pa\u017adziernika na hali sportowej w Niedzicy odby\u0142y si\u0119 Gminne Zawody w mini pi\u0142k\u0119 no\u017cn\u0105 dla dziewcz\u0105t i ch\u0142opc\u00f3w klas IV-VI. Z gminy przyjecha\u0142o sze\u015b\u0107 zespo\u0142\u00f3w: SP Trybsz, SP \u0141apsze Wy\u017cne, SP \u0141apsze Ni\u017cne, SP Frydman, SP Niedzica i SP Kacwin.","og_url":"https:\/\/spwyzne.lapszenizne.pl\/?p=3960","og_site_name":"Szko\u0142a Podstawowa im. B\u0142ogos\u0142awionego Jana Paw\u0142a II w \u0141apszach Wy\u017cnych","article_published_time":"2022-10-10T18:24:47+00:00","article_modified_time":"2022-11-25T12:07:34+00:00","og_image":[{"width":2560,"height":1707,"url":"https:\/\/spwyzne.lapszenizne.pl\/wp-content\/uploads\/2022\/10\/Zdjecie-grupowe-druzyny-dziewczyn-i-chlopcow-podczas-zawodow-sportowych-pilka-nozna-w-Niedzicy-scaled.jpg","type":"image\/jpeg"}],"author":"El\u017cbieta So\u0142tys","twitter_card":"summary_large_image","twitter_misc":{"Napisane przez":"El\u017cbieta So\u0142tys","Szacowany czas czytania":"2 minuty"},"schema":{"@context":"https:\/\/schema.org","@graph":[{"@type":"Article","@id":"https:\/\/spwyzne.lapszenizne.pl\/?p=3960#article","isPartOf":{"@id":"https:\/\/spwyzne.lapszenizne.pl\/?p=3960"},"author":{"name":"El\u017cbieta So\u0142tys","@id":"https:\/\/spwyzne.lapszenizne.pl\/#\/schema\/person\/2ad85a648b7fab1cd592eb539d110d29"},"headline":"III MIEJSCE DZIEWCZ\u0104T I CH\u0141OPC\u00d3W W HALOWEJ MINI PI\u0141CE NO\u017bNEJ KLAS IV-VI","datePublished":"2022-10-10T18:24:47+00:00","dateModified":"2022-11-25T12:07:34+00:00","mainEntityOfPage":{"@id":"https:\/\/spwyzne.lapszenizne.pl\/?p=3960"},"wordCount":225,"image":{"@id":"https:\/\/spwyzne.lapszenizne.pl\/?p=3960#primaryimage"},"thumbnailUrl":"https:\/\/spwyzne.lapszenizne.pl\/wp-content\/uploads\/2022\/10\/Zdjecie-grupowe-druzyny-dziewczyn-i-chlopcow-podczas-zawodow-sportowych-pilka-nozna-w-Niedzicy-scaled.jpg","articleSection":["Aktualno\u015bci","Konkursy"],"inLanguage":"pl-PL"},{"@type":"WebPage","@id":"https:\/\/spwyzne.lapszenizne.pl\/?p=3960","url":"https:\/\/spwyzne.lapszenizne.pl\/?p=3960","name":"III MIEJSCE DZIEWCZ\u0104T I CH\u0141OPC\u00d3W W HALOWEJ MINI PI\u0141CE NO\u017bNEJ KLAS IV-VI - Szko\u0142a Podstawowa im. B\u0142ogos\u0142awionego Jana Paw\u0142a II w \u0141apszach Wy\u017cnych","isPartOf":{"@id":"https:\/\/spwyzne.lapszenizne.pl\/#website"},"primaryImageOfPage":{"@id":"https:\/\/spwyzne.lapszenizne.pl\/?p=3960#primaryimage"},"image":{"@id":"https:\/\/spwyzne.lapszenizne.pl\/?p=3960#primaryimage"},"thumbnailUrl":"https:\/\/spwyzne.lapszenizne.pl\/wp-content\/uploads\/2022\/10\/Zdjecie-grupowe-druzyny-dziewczyn-i-chlopcow-podczas-zawodow-sportowych-pilka-nozna-w-Niedzicy-scaled.jpg","datePublished":"2022-10-10T18:24:47+00:00","dateModified":"2022-11-25T12:07:34+00:00","author":{"@id":"https:\/\/spwyzne.lapszenizne.pl\/#\/schema\/person\/2ad85a648b7fab1cd592eb539d110d29"},"breadcrumb":{"@id":"https:\/\/spwyzne.lapszenizne.pl\/?p=3960#breadcrumb"},"inLanguage":"pl-PL","potentialAction":[{"@type":"ReadAction","target":["https:\/\/spwyzne.lapszenizne.pl\/?p=3960"]}]},{"@type":"ImageObject","inLanguage":"pl-PL","@id":"https:\/\/spwyzne.lapszenizne.pl\/?p=3960#primaryimage","url":"https:\/\/spwyzne.lapszenizne.pl\/wp-content\/uploads\/2022\/10\/Zdjecie-grupowe-druzyny-dziewczyn-i-chlopcow-podczas-zawodow-sportowych-pilka-nozna-w-Niedzicy-scaled.jpg","contentUrl":"https:\/\/spwyzne.lapszenizne.pl\/wp-content\/uploads\/2022\/10\/Zdjecie-grupowe-druzyny-dziewczyn-i-chlopcow-podczas-zawodow-sportowych-pilka-nozna-w-Niedzicy-scaled.jpg","width":2560,"height":1707,"caption":"Zdj\u0119cie grupowe dru\u017cyny dziewczyn i ch\u0142opc\u00f3w podczas zawod\u00f3w sportowych - pi\u0142ka no\u017cna w Niedzicy"},{"@type":"BreadcrumbList","@id":"https:\/\/spwyzne.lapszenizne.pl\/?p=3960#breadcrumb","itemListElement":[{"@type":"ListItem","position":1,"name":"Strona g\u0142\u00f3wna","item":"https:\/\/spwyzne.lapszenizne.pl\/"},{"@type":"ListItem","position":2,"name":"III MIEJSCE DZIEWCZ\u0104T I CH\u0141OPC\u00d3W W HALOWEJ MINI PI\u0141CE NO\u017bNEJ KLAS IV-VI"}]},{"@type":"WebSite","@id":"https:\/\/spwyzne.lapszenizne.pl\/#website","url":"https:\/\/spwyzne.lapszenizne.pl\/","name":"Szko\u0142a Podstawowa im. B\u0142ogos\u0142awionego Jana Paw\u0142a II w \u0141apszach Wy\u017cnych","description":"","potentialAction":[{"@type":"SearchAction","target":{"@type":"EntryPoint","urlTemplate":"https:\/\/spwyzne.lapszenizne.pl\/?s={search_term_string}"},"query-input":{"@type":"PropertyValueSpecification","valueRequired":true,"valueName":"search_term_string"}}],"inLanguage":"pl-PL"},{"@type":"Person","@id":"https:\/\/spwyzne.lapszenizne.pl\/#\/schema\/person\/2ad85a648b7fab1cd592eb539d110d29","name":"El\u017cbieta So\u0142tys","image":{"@type":"ImageObject","inLanguage":"pl-PL","@id":"https:\/\/secure.gravatar.com\/avatar\/302693d55cffbc932e69ddeafa82a05fbae572a06167f720d63d9113df93d047?s=96&d=mm&r=g","url":"https:\/\/secure.gravatar.com\/avatar\/302693d55cffbc932e69ddeafa82a05fbae572a06167f720d63d9113df93d047?s=96&d=mm&r=g","contentUrl":"https:\/\/secure.gravatar.com\/avatar\/302693d55cffbc932e69ddeafa82a05fbae572a06167f720d63d9113df93d047?s=96&d=mm&r=g","caption":"El\u017cbieta So\u0142tys"},"url":"https:\/\/spwyzne.lapszenizne.pl\/?author=2"}]}},"_links":{"self":[{"href":"https:\/\/spwyzne.lapszenizne.pl\/index.php?rest_route=\/wp\/v2\/posts\/3960","targetHints":{"allow":["GET"]}}],"collection":[{"href":"https:\/\/spwyzne.lapszenizne.pl\/index.php?rest_route=\/wp\/v2\/posts"}],"about":[{"href":"https:\/\/spwyzne.lapszenizne.pl\/index.php?rest_route=\/wp\/v2\/types\/post"}],"author":[{"embeddable":true,"href":"https:\/\/spwyzne.lapszenizne.pl\/index.php?rest_route=\/wp\/v2\/users\/2"}],"replies":[{"embeddable":true,"href":"https:\/\/spwyzne.lapszenizne.pl\/index.php?rest_route=%2Fwp%2Fv2%2Fcomments&post=3960"}],"version-history":[{"count":4,"href":"https:\/\/spwyzne.lapszenizne.pl\/index.php?rest_route=\/wp\/v2\/posts\/3960\/revisions"}],"predecessor-version":[{"id":4002,"href":"https:\/\/spwyzne.lapszenizne.pl\/index.php?rest_route=\/wp\/v2\/posts\/3960\/revisions\/4002"}],"wp:featuredmedia":[{"embeddable":true,"href":"https:\/\/spwyzne.lapszenizne.pl\/index.php?rest_route=\/wp\/v2\/media\/3961"}],"wp:attachment":[{"href":"https:\/\/spwyzne.lapszenizne.pl\/index.php?rest_route=%2Fwp%2Fv2%2Fmedia&parent=3960"}],"wp:term":[{"taxonomy":"category","embeddable":true,"href":"https:\/\/spwyzne.lapszenizne.pl\/index.php?rest_route=%2Fwp%2Fv2%2Fcategories&post=3960"},{"taxonomy":"post_tag","embeddable":true,"href":"https:\/\/spwyzne.lapszenizne.pl\/index.php?rest_route=%2Fwp%2Fv2%2Ftags&post=3960"}],"curies":[{"name":"wp","href":"https:\/\/api.w.org\/{rel}","templated":true}]}}